{"id":7896,"date":"2022-08-31T18:27:53","date_gmt":"2022-08-31T21:27:53","guid":{"rendered":"https:\/\/wp.ufpel.edu.br\/ccso\/?p=7896"},"modified":"2022-08-31T18:27:59","modified_gmt":"2022-08-31T21:27:59","slug":"resolucao-do-colegiado-do-curso-de-gestao-publica-sobre-aproveitamento-de-estudos","status":"publish","type":"post","link":"https:\/\/wp.ufpel.edu.br\/ccso\/2022\/08\/31\/resolucao-do-colegiado-do-curso-de-gestao-publica-sobre-aproveitamento-de-estudos\/","title":{"rendered":"Resolu\u00e7\u00e3o do Colegiado do Curso de Gest\u00e3o P\u00fablica sobre aproveitamento de estudos"},"content":{"rendered":"<div>\n<p>O Colegiado do Curso de Gest\u00e3o P\u00fablica, em reuni\u00e3o realizada em 31 de agosto do corrente ano de 2022, aprovou a\u00a0<a href=\"https:\/\/wp.ufpel.edu.br\/gestaopublica\/files\/2022\/08\/Resolu%C3%A7%C3%A3o-n.-022022.pdf\" target=\"_blank\" rel=\"noopener noreferrer\">Resolu\u00e7\u00e3o n. 02\/2022<\/a>,que disp\u00f5e sobre par\u00e2metros para aproveitamento de componentes curriculares no Curso de Gest\u00e3o P\u00fablica. Em linhas gerais, o texto aprovado estabelece:<\/p>\n<p>\u2013 Par\u00e2metros objetivos e vinculativos relacionados \u00e0 equival\u00eancia de disciplinas, delegando \u00e0 Coordena\u00e7\u00e3o do Curso poderes para, de maneira definitiva, deliberar sobre pedidos de aproveitamento \u2013\u00a0 o que reduzir\u00e1 o tempo de an\u00e1lise e a necessidade de pareceres individualizados dos professores;<\/p>\n<p>\u2013 Estabelece que n\u00e3o ser\u00e1 conferido dispensa das disciplinas do novo curr\u00edculo que possuem cr\u00e9ditos pr\u00e1ticos em extens\u00e3o por meio de equival\u00eancia com disciplinas de c\u00f3digo distinto;<\/p>\n<p>\u2013 Determina quais disciplinas dos antigos curr\u00edculos poder\u00e3o ou n\u00e3o ser aproveitadas no novo curr\u00edculo;<\/p>\n<p>\u2013 Lista disciplinas do banco universal que poder\u00e3o ser aproveitadas no novo curr\u00edculo.<\/p>\n<\/div>\n<div><\/div>\n","protected":false},"excerpt":{"rendered":"<p>O Colegiado do Curso de Gest\u00e3o P\u00fablica, em reuni\u00e3o realizada em 31 de agosto do corrente ano de 2022, aprovou a\u00a0Resolu\u00e7\u00e3o n. 02\/2022,que disp\u00f5e sobre par\u00e2metros para aproveitamento de componentes curriculares no Curso de Gest\u00e3o P\u00fablica. Em linhas gerais, o texto aprovado estabelece: \u2013 Par\u00e2metros objetivos e vinculativos relacionados \u00e0 equival\u00eancia de disciplinas, delegando \u00e0 &hellip; <\/p>\n<p><a class=\"more-link btn\" href=\"https:\/\/wp.ufpel.edu.br\/ccso\/2022\/08\/31\/resolucao-do-colegiado-do-curso-de-gestao-publica-sobre-aproveitamento-de-estudos\/\">Continue lendo<\/a><\/p>\n","protected":false},"author":1120,"featured_media":0,"comment_status":"closed","ping_status":"closed","sticky":false,"template":"","format":"standard","meta":{"footnotes":""},"categories":[1],"tags":[],"class_list":["post-7896","post","type-post","status-publish","format-standard","hentry","category-noticias","item-wrap"],"jetpack_featured_media_url":"","_links":{"self":[{"href":"https:\/\/wp.ufpel.edu.br\/ccso\/wp-json\/wp\/v2\/posts\/7896","targetHints":{"allow":["GET"]}}],"collection":[{"href":"https:\/\/wp.ufpel.edu.br\/ccso\/wp-json\/wp\/v2\/posts"}],"about":[{"href":"https:\/\/wp.ufpel.edu.br\/ccso\/wp-json\/wp\/v2\/types\/post"}],"author":[{"embeddable":true,"href":"https:\/\/wp.ufpel.edu.br\/ccso\/wp-json\/wp\/v2\/users\/1120"}],"replies":[{"embeddable":true,"href":"https:\/\/wp.ufpel.edu.br\/ccso\/wp-json\/wp\/v2\/comments?post=7896"}],"version-history":[{"count":1,"href":"https:\/\/wp.ufpel.edu.br\/ccso\/wp-json\/wp\/v2\/posts\/7896\/revisions"}],"predecessor-version":[{"id":7898,"href":"https:\/\/wp.ufpel.edu.br\/ccso\/wp-json\/wp\/v2\/posts\/7896\/revisions\/7898"}],"wp:attachment":[{"href":"https:\/\/wp.ufpel.edu.br\/ccso\/wp-json\/wp\/v2\/media?parent=7896"}],"wp:term":[{"taxonomy":"category","embeddable":true,"href":"https:\/\/wp.ufpel.edu.br\/ccso\/wp-json\/wp\/v2\/categories?post=7896"},{"taxonomy":"post_tag","embeddable":true,"href":"https:\/\/wp.ufpel.edu.br\/ccso\/wp-json\/wp\/v2\/tags?post=7896"}],"curies":[{"name":"wp","href":"https:\/\/api.w.org\/{rel}","templated":true}]}}