{"id":7853,"date":"2022-08-03T20:27:07","date_gmt":"2022-08-03T23:27:07","guid":{"rendered":"https:\/\/wp.ufpel.edu.br\/ccso\/?p=7853"},"modified":"2022-08-03T20:27:07","modified_gmt":"2022-08-03T23:27:07","slug":"financiamento-da-pesquisa-no-brasil","status":"publish","type":"post","link":"https:\/\/wp.ufpel.edu.br\/ccso\/2022\/08\/03\/financiamento-da-pesquisa-no-brasil\/","title":{"rendered":"FINANCIAMENTO DA PESQUISA NO BRASIL"},"content":{"rendered":"<p>A Pr\u00f3-Reitoria de Pesquisa e P\u00f3s-Gradua\u00e7\u00e3o convida a todos (as) para a Aula Inaugural da P\u00f3s-Gradua\u00e7\u00e3o da UFPel, que ser\u00e1 realizada no dia 10 de agosto, \u00e0s 14h, no Audit\u00f3rio da FAEM.<\/p>\n<p><img loading=\"lazy\" decoding=\"async\" class=\"alignnone size-medium wp-image-7852\" src=\"https:\/\/wp.ufpel.edu.br\/ccso\/files\/2022\/08\/Aula_Inaugural_Pos-UFPelfeed-400x400.jpg\" alt=\"\" width=\"400\" height=\"400\" srcset=\"https:\/\/wp.ufpel.edu.br\/ccso\/files\/2022\/08\/Aula_Inaugural_Pos-UFPelfeed-400x400.jpg 400w, https:\/\/wp.ufpel.edu.br\/ccso\/files\/2022\/08\/Aula_Inaugural_Pos-UFPelfeed-1024x1024.jpg 1024w, https:\/\/wp.ufpel.edu.br\/ccso\/files\/2022\/08\/Aula_Inaugural_Pos-UFPelfeed-200x200.jpg 200w, https:\/\/wp.ufpel.edu.br\/ccso\/files\/2022\/08\/Aula_Inaugural_Pos-UFPelfeed-768x768.jpg 768w, https:\/\/wp.ufpel.edu.br\/ccso\/files\/2022\/08\/Aula_Inaugural_Pos-UFPelfeed.jpg 1080w\" sizes=\"auto, (max-width: 400px) 100vw, 400px\" \/><\/p>\n","protected":false},"excerpt":{"rendered":"<p>A Pr\u00f3-Reitoria de Pesquisa e P\u00f3s-Gradua\u00e7\u00e3o convida a todos (as) para a Aula Inaugural da P\u00f3s-Gradua\u00e7\u00e3o da UFPel, que ser\u00e1 realizada no dia 10 de agosto, \u00e0s 14h, no Audit\u00f3rio da FAEM.<\/p>\n","protected":false},"author":1120,"featured_media":0,"comment_status":"closed","ping_status":"closed","sticky":false,"template":"","format":"standard","meta":{"footnotes":""},"categories":[1],"tags":[],"class_list":["post-7853","post","type-post","status-publish","format-standard","hentry","category-noticias","item-wrap"],"jetpack_featured_media_url":"","_links":{"self":[{"href":"https:\/\/wp.ufpel.edu.br\/ccso\/wp-json\/wp\/v2\/posts\/7853","targetHints":{"allow":["GET"]}}],"collection":[{"href":"https:\/\/wp.ufpel.edu.br\/ccso\/wp-json\/wp\/v2\/posts"}],"about":[{"href":"https:\/\/wp.ufpel.edu.br\/ccso\/wp-json\/wp\/v2\/types\/post"}],"author":[{"embeddable":true,"href":"https:\/\/wp.ufpel.edu.br\/ccso\/wp-json\/wp\/v2\/users\/1120"}],"replies":[{"embeddable":true,"href":"https:\/\/wp.ufpel.edu.br\/ccso\/wp-json\/wp\/v2\/comments?post=7853"}],"version-history":[{"count":2,"href":"https:\/\/wp.ufpel.edu.br\/ccso\/wp-json\/wp\/v2\/posts\/7853\/revisions"}],"predecessor-version":[{"id":7856,"href":"https:\/\/wp.ufpel.edu.br\/ccso\/wp-json\/wp\/v2\/posts\/7853\/revisions\/7856"}],"wp:attachment":[{"href":"https:\/\/wp.ufpel.edu.br\/ccso\/wp-json\/wp\/v2\/media?parent=7853"}],"wp:term":[{"taxonomy":"category","embeddable":true,"href":"https:\/\/wp.ufpel.edu.br\/ccso\/wp-json\/wp\/v2\/categories?post=7853"},{"taxonomy":"post_tag","embeddable":true,"href":"https:\/\/wp.ufpel.edu.br\/ccso\/wp-json\/wp\/v2\/tags?post=7853"}],"curies":[{"name":"wp","href":"https:\/\/api.w.org\/{rel}","templated":true}]}}