{"id":7800,"date":"2022-06-30T09:33:41","date_gmt":"2022-06-30T12:33:41","guid":{"rendered":"https:\/\/wp.ufpel.edu.br\/ccso\/?p=7800"},"modified":"2022-06-30T09:33:41","modified_gmt":"2022-06-30T12:33:41","slug":"curso-de-gestao-publica-lanca-concurso-para-selecao-de-sua-identidade-visual","status":"publish","type":"post","link":"https:\/\/wp.ufpel.edu.br\/ccso\/2022\/06\/30\/curso-de-gestao-publica-lanca-concurso-para-selecao-de-sua-identidade-visual\/","title":{"rendered":"Curso de Gest\u00e3o P\u00fablica lan\u00e7a concurso para sele\u00e7\u00e3o de sua identidade visual"},"content":{"rendered":"<p style=\"text-align: justify;\">O Curso de Gest\u00e3o P\u00fablica lan\u00e7ou no dia 27 de junho um concurso que visa selecionar sua identidade visual. Est\u00e3o aptos a inscrever propostas os discentes regularmente matriculados e egressos de cursos de gradua\u00e7\u00e3o e de p\u00f3s-gradua\u00e7\u00e3o stricto sensu, al\u00e9m de docentes e t\u00e9cnico administrativos da Universidade Federal de Pelotas. As inscri\u00e7\u00f5es estar\u00e3o abertas entre <b>01 de julho e 01 de setembro de 2022<\/b>. Mais informa\u00e7\u00f5es est\u00e3o dispon\u00edveis no <a href=\"https:\/\/wp.ufpel.edu.br\/ccso\/files\/2022\/06\/EDITAL-CST_GP-02_2022.pdf\">edital<\/a>.<\/p>\n","protected":false},"excerpt":{"rendered":"<p>O Curso de Gest\u00e3o P\u00fablica lan\u00e7ou no dia 27 de junho um concurso que visa selecionar sua identidade visual. Est\u00e3o aptos a inscrever propostas os discentes regularmente matriculados e egressos de cursos de gradua\u00e7\u00e3o e de p\u00f3s-gradua\u00e7\u00e3o stricto sensu, al\u00e9m de docentes e t\u00e9cnico administrativos da Universidade Federal de Pelotas. As inscri\u00e7\u00f5es estar\u00e3o abertas entre &hellip; <\/p>\n<p><a class=\"more-link btn\" href=\"https:\/\/wp.ufpel.edu.br\/ccso\/2022\/06\/30\/curso-de-gestao-publica-lanca-concurso-para-selecao-de-sua-identidade-visual\/\">Continue lendo<\/a><\/p>\n","protected":false},"author":1120,"featured_media":0,"comment_status":"closed","ping_status":"closed","sticky":false,"template":"","format":"standard","meta":{"footnotes":""},"categories":[1],"tags":[],"class_list":["post-7800","post","type-post","status-publish","format-standard","hentry","category-noticias","item-wrap"],"jetpack_featured_media_url":"","_links":{"self":[{"href":"https:\/\/wp.ufpel.edu.br\/ccso\/wp-json\/wp\/v2\/posts\/7800","targetHints":{"allow":["GET"]}}],"collection":[{"href":"https:\/\/wp.ufpel.edu.br\/ccso\/wp-json\/wp\/v2\/posts"}],"about":[{"href":"https:\/\/wp.ufpel.edu.br\/ccso\/wp-json\/wp\/v2\/types\/post"}],"author":[{"embeddable":true,"href":"https:\/\/wp.ufpel.edu.br\/ccso\/wp-json\/wp\/v2\/users\/1120"}],"replies":[{"embeddable":true,"href":"https:\/\/wp.ufpel.edu.br\/ccso\/wp-json\/wp\/v2\/comments?post=7800"}],"version-history":[{"count":2,"href":"https:\/\/wp.ufpel.edu.br\/ccso\/wp-json\/wp\/v2\/posts\/7800\/revisions"}],"predecessor-version":[{"id":7804,"href":"https:\/\/wp.ufpel.edu.br\/ccso\/wp-json\/wp\/v2\/posts\/7800\/revisions\/7804"}],"wp:attachment":[{"href":"https:\/\/wp.ufpel.edu.br\/ccso\/wp-json\/wp\/v2\/media?parent=7800"}],"wp:term":[{"taxonomy":"category","embeddable":true,"href":"https:\/\/wp.ufpel.edu.br\/ccso\/wp-json\/wp\/v2\/categories?post=7800"},{"taxonomy":"post_tag","embeddable":true,"href":"https:\/\/wp.ufpel.edu.br\/ccso\/wp-json\/wp\/v2\/tags?post=7800"}],"curies":[{"name":"wp","href":"https:\/\/api.w.org\/{rel}","templated":true}]}}