{"id":7627,"date":"2022-04-29T16:47:15","date_gmt":"2022-04-29T19:47:15","guid":{"rendered":"https:\/\/wp.ufpel.edu.br\/ccso\/?p=7627"},"modified":"2022-04-29T16:47:15","modified_gmt":"2022-04-29T19:47:15","slug":"curso-de-gestao-publica-promove-a-segunda-palestra-do-simposio-de-gestao-ambiental","status":"publish","type":"post","link":"https:\/\/wp.ufpel.edu.br\/ccso\/2022\/04\/29\/curso-de-gestao-publica-promove-a-segunda-palestra-do-simposio-de-gestao-ambiental\/","title":{"rendered":"Curso de Gest\u00e3o P\u00fablica promove a segunda palestra do Simp\u00f3sio de Gest\u00e3o Ambiental"},"content":{"rendered":"<p style=\"text-align: justify;\"><img loading=\"lazy\" decoding=\"async\" class=\"alignnone size-medium wp-image-7629\" src=\"https:\/\/wp.ufpel.edu.br\/ccso\/files\/2022\/04\/O-desmonte-do-Patrimonio-Ambiental-do-Brasil--400x400.png\" alt=\"\" width=\"400\" height=\"400\" srcset=\"https:\/\/wp.ufpel.edu.br\/ccso\/files\/2022\/04\/O-desmonte-do-Patrimonio-Ambiental-do-Brasil--400x400.png 400w, https:\/\/wp.ufpel.edu.br\/ccso\/files\/2022\/04\/O-desmonte-do-Patrimonio-Ambiental-do-Brasil--1024x1024.png 1024w, https:\/\/wp.ufpel.edu.br\/ccso\/files\/2022\/04\/O-desmonte-do-Patrimonio-Ambiental-do-Brasil--200x200.png 200w, https:\/\/wp.ufpel.edu.br\/ccso\/files\/2022\/04\/O-desmonte-do-Patrimonio-Ambiental-do-Brasil--768x768.png 768w, https:\/\/wp.ufpel.edu.br\/ccso\/files\/2022\/04\/O-desmonte-do-Patrimonio-Ambiental-do-Brasil-.png 1080w\" sizes=\"auto, (max-width: 400px) 100vw, 400px\" \/>Neste primeiro semestre letivo, o Curso de Gest\u00e3o P\u00fablica da Universidade Federal de Pelotas (UFPel) promove, no \u00e2mbito do projeto\u00a0Gest\u00e3o P\u00fablica em Foco,\u00a0o\u00a0<strong style=\"font-style: inherit;\">Simp\u00f3sio de Gest\u00e3o Ambiental<\/strong>,\u00a0evento\u00a0que busca discutir conceitos, instrumentos e modelos aplic\u00e1veis \u00e0 gest\u00e3o p\u00fablica, oferecendo subs\u00eddios a uma reflex\u00e3o cr\u00edtica acerca da vari\u00e1vel ambiental e da atua\u00e7\u00e3o profissional respons\u00e1vel na busca pela sustentabilidade.<\/p>\n<p style=\"text-align: justify;\">A segunda atividade \u00e9 a palestra\u00a0<strong style=\"font-style: inherit;\"><em style=\"font-weight: inherit;\">O desmonte do Patrim\u00f4nio Ambiental do Brasil<\/em><\/strong>, que ser\u00e1 ministrada pela Profa. Dra.\u00a0Maria L\u00facia Navarro Lins Brzezinski (UNILA). A transmiss\u00e3o ocorrer\u00e1 ao vivo no dia\u00a0<strong style=\"font-style: inherit;\">12\/05\/2022, quinta-feira, \u00e0s 16 horas, no Canal do CCSO no YouTube\u00a0<\/strong>(<a style=\"font-style: inherit; font-weight: inherit;\" href=\"https:\/\/www.youtube.com\/watch?v=t6p4zv10omo\">https:\/\/www.youtube.com\/watch?v=t6p4zv10omo<\/a>).<\/p>\n<p style=\"text-align: justify;\">INSCRI\u00c7\u00d5ES: O evento \u00e9 gratuito. Os interessados devem, primeiramente, realizar sua\u00a0inscri\u00e7\u00e3o\u00a0como ouvinte do Projeto Unificado Gest\u00e3o P\u00fablica em Foco no endere\u00e7o<strong style=\"font-style: inherit;\">\u00a0<a style=\"font-style: inherit; font-weight: inherit;\" href=\"http:\/\/www.even3.com.br\/gpf\">www.even3.com.br\/gpf<\/a>\u00a0<\/strong>e, posteriormente, assinar a Ata de Presen\u00e7a que ser\u00e1 disponibilizada durante as transmiss\u00f5es. Ao final do evento, ser\u00e3o emitidos certificados para todos os participantes, com carga hor\u00e1ria de 02 horas por atividade.<\/p>\n<p style=\"text-align: justify;\">SOBRE A PALESTRANTE:\u00a0<strong style=\"font-style: inherit;\">Maria L\u00facia Navarro Lins Brzezinski\u00a0<\/strong>\u00e9 Doutora em Direito Internacional e Integra\u00e7\u00e3o Econ\u00f4mica pela Universidade do Estado do Rio de Janeiro (2011), Mestre em Direito, na \u00e1rea de Rela\u00e7\u00f5es Internacionais, pela Universidade Federal de Santa Catarina (2006) e Bacharel em Direito pela Universidade Federal do Paran\u00e1 (2000). \u00c9 Professora Adjunta do curso de Administra\u00e7\u00e3o P\u00fablica e Pol\u00edticas P\u00fablicas, da Universidade Federal da Integra\u00e7\u00e3o Latino-americana \u2013 UNILA, e pesquisa temas ambientais.<\/p>\n","protected":false},"excerpt":{"rendered":"<p>Neste primeiro semestre letivo, o Curso de Gest\u00e3o P\u00fablica da Universidade Federal de Pelotas (UFPel) promove, no \u00e2mbito do projeto\u00a0Gest\u00e3o P\u00fablica em Foco,\u00a0o\u00a0Simp\u00f3sio de Gest\u00e3o Ambiental,\u00a0evento\u00a0que busca discutir conceitos, instrumentos e modelos aplic\u00e1veis \u00e0 gest\u00e3o p\u00fablica, oferecendo subs\u00eddios a uma reflex\u00e3o cr\u00edtica acerca da vari\u00e1vel ambiental e da atua\u00e7\u00e3o profissional respons\u00e1vel na busca pela sustentabilidade. &hellip; <\/p>\n<p><a class=\"more-link btn\" href=\"https:\/\/wp.ufpel.edu.br\/ccso\/2022\/04\/29\/curso-de-gestao-publica-promove-a-segunda-palestra-do-simposio-de-gestao-ambiental\/\">Continue lendo<\/a><\/p>\n","protected":false},"author":1120,"featured_media":0,"comment_status":"closed","ping_status":"closed","sticky":false,"template":"","format":"standard","meta":{"footnotes":""},"categories":[1],"tags":[],"class_list":["post-7627","post","type-post","status-publish","format-standard","hentry","category-noticias","item-wrap"],"jetpack_featured_media_url":"","_links":{"self":[{"href":"https:\/\/wp.ufpel.edu.br\/ccso\/wp-json\/wp\/v2\/posts\/7627","targetHints":{"allow":["GET"]}}],"collection":[{"href":"https:\/\/wp.ufpel.edu.br\/ccso\/wp-json\/wp\/v2\/posts"}],"about":[{"href":"https:\/\/wp.ufpel.edu.br\/ccso\/wp-json\/wp\/v2\/types\/post"}],"author":[{"embeddable":true,"href":"https:\/\/wp.ufpel.edu.br\/ccso\/wp-json\/wp\/v2\/users\/1120"}],"replies":[{"embeddable":true,"href":"https:\/\/wp.ufpel.edu.br\/ccso\/wp-json\/wp\/v2\/comments?post=7627"}],"version-history":[{"count":2,"href":"https:\/\/wp.ufpel.edu.br\/ccso\/wp-json\/wp\/v2\/posts\/7627\/revisions"}],"predecessor-version":[{"id":7631,"href":"https:\/\/wp.ufpel.edu.br\/ccso\/wp-json\/wp\/v2\/posts\/7627\/revisions\/7631"}],"wp:attachment":[{"href":"https:\/\/wp.ufpel.edu.br\/ccso\/wp-json\/wp\/v2\/media?parent=7627"}],"wp:term":[{"taxonomy":"category","embeddable":true,"href":"https:\/\/wp.ufpel.edu.br\/ccso\/wp-json\/wp\/v2\/categories?post=7627"},{"taxonomy":"post_tag","embeddable":true,"href":"https:\/\/wp.ufpel.edu.br\/ccso\/wp-json\/wp\/v2\/tags?post=7627"}],"curies":[{"name":"wp","href":"https:\/\/api.w.org\/{rel}","templated":true}]}}