{"id":7621,"date":"2022-04-25T18:58:26","date_gmt":"2022-04-25T21:58:26","guid":{"rendered":"https:\/\/wp.ufpel.edu.br\/ccso\/?p=7621"},"modified":"2022-04-25T18:58:26","modified_gmt":"2022-04-25T21:58:26","slug":"projeto-cafe-com-turismo-aborda-turismo-e-comunidades-perifericas","status":"publish","type":"post","link":"https:\/\/wp.ufpel.edu.br\/ccso\/2022\/04\/25\/projeto-cafe-com-turismo-aborda-turismo-e-comunidades-perifericas\/","title":{"rendered":"Projeto Caf\u00e9 com Turismo aborda Turismo e Comunidades Perif\u00e9ricas"},"content":{"rendered":"<p><img loading=\"lazy\" decoding=\"async\" class=\"size-medium wp-image-7623\" src=\"https:\/\/wp.ufpel.edu.br\/ccso\/files\/2022\/04\/Cafe-com-Turismo-edicao-Maio-329x400.jpg\" alt=\"\" width=\"329\" height=\"400\" srcset=\"https:\/\/wp.ufpel.edu.br\/ccso\/files\/2022\/04\/Cafe-com-Turismo-edicao-Maio-329x400.jpg 329w, https:\/\/wp.ufpel.edu.br\/ccso\/files\/2022\/04\/Cafe-com-Turismo-edicao-Maio-842x1024.jpg 842w, https:\/\/wp.ufpel.edu.br\/ccso\/files\/2022\/04\/Cafe-com-Turismo-edicao-Maio-768x934.jpg 768w, https:\/\/wp.ufpel.edu.br\/ccso\/files\/2022\/04\/Cafe-com-Turismo-edicao-Maio.jpg 1119w\" sizes=\"auto, (max-width: 329px) 100vw, 329px\" \/><\/p>\n<p style=\"text-align: justify;\">O Curso de Turismo realizar\u00e1 na pr\u00f3xima semana (quarta, 04\/05) a primeira edi\u00e7\u00e3o de 2022 do evento Caf\u00e9 com Turismo. O projeto tem como objetivo oportunizar a troca de experi\u00eancias entre profissionais de Turismo, discentes, egressos, estudantes de outros cursos e institui\u00e7\u00f5es e a comunidade em geral. O evento \u00e9 gratuito e aberto ao p\u00fablico.<\/p>\n<p style=\"text-align: justify;\">A edi\u00e7\u00e3o do m\u00eas de maio ter\u00e1 como tema &#8220;Turismo e Comunidades Perif\u00e9ricas&#8221;, com a Turism\u00f3loga Jasmine Pereira Vieira, ocorrendo no dia 04\/05 \u00e0s 17h na plataforma WebConf-UFPel.<\/p>\n<p style=\"text-align: justify;\">As inscri\u00e7\u00f5es s\u00e3o limitadas e podem ser realizadas no seguinte link: <a href=\"https:\/\/forms.gle\/32DYs5mNRY88djsz9\" target=\"_blank\" rel=\"noopener noreferrer\">https:\/\/forms.gle\/32DYs5mNRY88djsz9<\/a><\/p>\n<p style=\"text-align: justify;\">\n<p style=\"text-align: justify;\">Para mais informa\u00e7\u00f5es acesse:<\/p>\n<p style=\"text-align: justify;\">Instagram:\u00a0<a href=\"https:\/\/www.instagram.com\/ufpel.cafecomturismo\/\" target=\"_blank\" rel=\"noopener noreferrer\">https:\/\/www.instagram.com\/ufpel.cafecomturismo\/<\/a><\/p>\n<p style=\"text-align: justify;\">P\u00e1gina do projeto no Facebook:\u00a0<a href=\"https:\/\/www.facebook.com\/ufpel.cafecomturismo\" target=\"_blank\" rel=\"noopener noreferrer\">https:\/\/www.facebook.com\/ufpel.cafecomturismo<\/a><\/p>\n","protected":false},"excerpt":{"rendered":"<p>O Curso de Turismo realizar\u00e1 na pr\u00f3xima semana (quarta, 04\/05) a primeira edi\u00e7\u00e3o de 2022 do evento Caf\u00e9 com Turismo. O projeto tem como objetivo oportunizar a troca de experi\u00eancias entre profissionais de Turismo, discentes, egressos, estudantes de outros cursos e institui\u00e7\u00f5es e a comunidade em geral. O evento \u00e9 gratuito e aberto ao p\u00fablico. &hellip; <\/p>\n<p><a class=\"more-link btn\" href=\"https:\/\/wp.ufpel.edu.br\/ccso\/2022\/04\/25\/projeto-cafe-com-turismo-aborda-turismo-e-comunidades-perifericas\/\">Continue lendo<\/a><\/p>\n","protected":false},"author":1120,"featured_media":0,"comment_status":"closed","ping_status":"closed","sticky":false,"template":"","format":"standard","meta":{"footnotes":""},"categories":[1],"tags":[],"class_list":["post-7621","post","type-post","status-publish","format-standard","hentry","category-noticias","item-wrap"],"jetpack_featured_media_url":"","_links":{"self":[{"href":"https:\/\/wp.ufpel.edu.br\/ccso\/wp-json\/wp\/v2\/posts\/7621","targetHints":{"allow":["GET"]}}],"collection":[{"href":"https:\/\/wp.ufpel.edu.br\/ccso\/wp-json\/wp\/v2\/posts"}],"about":[{"href":"https:\/\/wp.ufpel.edu.br\/ccso\/wp-json\/wp\/v2\/types\/post"}],"author":[{"embeddable":true,"href":"https:\/\/wp.ufpel.edu.br\/ccso\/wp-json\/wp\/v2\/users\/1120"}],"replies":[{"embeddable":true,"href":"https:\/\/wp.ufpel.edu.br\/ccso\/wp-json\/wp\/v2\/comments?post=7621"}],"version-history":[{"count":3,"href":"https:\/\/wp.ufpel.edu.br\/ccso\/wp-json\/wp\/v2\/posts\/7621\/revisions"}],"predecessor-version":[{"id":7626,"href":"https:\/\/wp.ufpel.edu.br\/ccso\/wp-json\/wp\/v2\/posts\/7621\/revisions\/7626"}],"wp:attachment":[{"href":"https:\/\/wp.ufpel.edu.br\/ccso\/wp-json\/wp\/v2\/media?parent=7621"}],"wp:term":[{"taxonomy":"category","embeddable":true,"href":"https:\/\/wp.ufpel.edu.br\/ccso\/wp-json\/wp\/v2\/categories?post=7621"},{"taxonomy":"post_tag","embeddable":true,"href":"https:\/\/wp.ufpel.edu.br\/ccso\/wp-json\/wp\/v2\/tags?post=7621"}],"curies":[{"name":"wp","href":"https:\/\/api.w.org\/{rel}","templated":true}]}}