{"id":7547,"date":"2022-03-28T16:02:44","date_gmt":"2022-03-28T19:02:44","guid":{"rendered":"https:\/\/wp.ufpel.edu.br\/ccso\/?p=7547"},"modified":"2022-03-28T16:08:58","modified_gmt":"2022-03-28T19:08:58","slug":"curso-de-gestao-publica-aprova-novo-projeto-pedagogico","status":"publish","type":"post","link":"https:\/\/wp.ufpel.edu.br\/ccso\/2022\/03\/28\/curso-de-gestao-publica-aprova-novo-projeto-pedagogico\/","title":{"rendered":"Curso de Gest\u00e3o P\u00fablica aprova novo Projeto Pedag\u00f3gico"},"content":{"rendered":"<p style=\"text-align: justify\">Em reuni\u00e3o realizada no dia\u00a0<b>24 de mar\u00e7o de 2022<\/b>, o Conselho Coordenador do Ensino da Pesquisa e da Extens\u00e3o (COCEPE) aprovou o\u00a0<b>Novo Projeto Pedag\u00f3gico do Curso de Gest\u00e3o P\u00fablica<\/b>. O processo de atualiza\u00e7\u00e3o do PPC \u00e9 uma iniciativa que come\u00e7ou em mar\u00e7o de 2021, quando uma comiss\u00e3o composta pelos professores \u00a0Daniel Lena Marchiori Neto, Marcio Rodrigues e Rodrigo Serpa foi encarregada da elabora\u00e7\u00e3o de uma minuta.\u00a0 A equipe trabalhou em conjunto com comiss\u00f5es similares, visando \u00e0 padroniza\u00e7\u00e3o de procedimentos, cria\u00e7\u00e3o de disciplinas comuns e uma maior integra\u00e7\u00e3o entre os cursos de gradua\u00e7\u00e3o do CCSO. O processo envolveu a participa\u00e7\u00e3o ativa de estudantes, servidores t\u00e9cnico-administrativos e do corpo docente. A proposta apresentada foi\u00a0aprovada por unanimidade nas inst\u00e2ncias internas do CCSO (N\u00facleo Docente Estruturante, Colegiado do Curso e Conselho do Centro), passou por revis\u00f5es pontuais assinaladas por pareceristas de diversas pr\u00f3-reitorias acad\u00eamicas para, finalmente, chegar \u00e0 aprova\u00e7\u00e3o do COCEPE.<\/p>\n<p style=\"text-align: justify\">De acordo com o Coordenador do Curso, Prof. Daniel Lena Marchiori Neto, o novo PPC conseguiu imprimir um car\u00e1ter verdadeiramente p\u00fablico ao Curso, ao mesmo tempo em que fortaleceu a integra\u00e7\u00e3o do CCSO. Dentre as novidades, est\u00e1 a previs\u00e3o de integraliza\u00e7\u00e3o de extens\u00e3o atrav\u00e9s de disciplinas obrigat\u00f3rias, um novo regramento para atividades complementares, a amplia\u00e7\u00e3o da carga hor\u00e1ria e do tempo m\u00ednimo do curso em 5 semestres (sendo o \u00faltimo uma janela destinada a duas disciplinas optativas). Conte\u00fados foram sintetizados e reorganizados, abrindo espa\u00e7o para a inclus\u00e3o de novas tem\u00e1ticas, naquilo que pode ser considerado o melhor e mais relevante no atual estado de arte do\u00a0<i>campo\u00a0<\/i><i>de p\u00fablicas<\/i>.<\/p>\n<p>O<b> Novo Projeto Pedag\u00f3gico do Curso de Gest\u00e3o P\u00fablica est\u00e1 dispon\u00edvel <a href=\"https:\/\/wp.ufpel.edu.br\/ccso\/files\/2022\/03\/Novo-PPC.pdf\">aqui<\/a><\/b><\/p>\n","protected":false},"excerpt":{"rendered":"<p>Em reuni\u00e3o realizada no dia\u00a024 de mar\u00e7o de 2022, o Conselho Coordenador do Ensino da Pesquisa e da Extens\u00e3o (COCEPE) aprovou o\u00a0Novo Projeto Pedag\u00f3gico do Curso de Gest\u00e3o P\u00fablica. O processo de atualiza\u00e7\u00e3o do PPC \u00e9 uma iniciativa que come\u00e7ou em mar\u00e7o de 2021, quando uma comiss\u00e3o composta pelos professores \u00a0Daniel Lena Marchiori Neto, Marcio &hellip; <\/p>\n<p><a class=\"more-link btn\" href=\"https:\/\/wp.ufpel.edu.br\/ccso\/2022\/03\/28\/curso-de-gestao-publica-aprova-novo-projeto-pedagogico\/\">Continue lendo<\/a><\/p>\n","protected":false},"author":1120,"featured_media":0,"comment_status":"closed","ping_status":"closed","sticky":false,"template":"","format":"standard","meta":{"footnotes":""},"categories":[1],"tags":[],"class_list":["post-7547","post","type-post","status-publish","format-standard","hentry","category-noticias","item-wrap"],"jetpack_featured_media_url":"","_links":{"self":[{"href":"https:\/\/wp.ufpel.edu.br\/ccso\/wp-json\/wp\/v2\/posts\/7547","targetHints":{"allow":["GET"]}}],"collection":[{"href":"https:\/\/wp.ufpel.edu.br\/ccso\/wp-json\/wp\/v2\/posts"}],"about":[{"href":"https:\/\/wp.ufpel.edu.br\/ccso\/wp-json\/wp\/v2\/types\/post"}],"author":[{"embeddable":true,"href":"https:\/\/wp.ufpel.edu.br\/ccso\/wp-json\/wp\/v2\/users\/1120"}],"replies":[{"embeddable":true,"href":"https:\/\/wp.ufpel.edu.br\/ccso\/wp-json\/wp\/v2\/comments?post=7547"}],"version-history":[{"count":4,"href":"https:\/\/wp.ufpel.edu.br\/ccso\/wp-json\/wp\/v2\/posts\/7547\/revisions"}],"predecessor-version":[{"id":7551,"href":"https:\/\/wp.ufpel.edu.br\/ccso\/wp-json\/wp\/v2\/posts\/7547\/revisions\/7551"}],"wp:attachment":[{"href":"https:\/\/wp.ufpel.edu.br\/ccso\/wp-json\/wp\/v2\/media?parent=7547"}],"wp:term":[{"taxonomy":"category","embeddable":true,"href":"https:\/\/wp.ufpel.edu.br\/ccso\/wp-json\/wp\/v2\/categories?post=7547"},{"taxonomy":"post_tag","embeddable":true,"href":"https:\/\/wp.ufpel.edu.br\/ccso\/wp-json\/wp\/v2\/tags?post=7547"}],"curies":[{"name":"wp","href":"https:\/\/api.w.org\/{rel}","templated":true}]}}