{"id":7356,"date":"2021-12-01T16:34:53","date_gmt":"2021-12-01T19:34:53","guid":{"rendered":"https:\/\/wp.ufpel.edu.br\/ccso\/?p=7356"},"modified":"2021-12-01T16:34:53","modified_gmt":"2021-12-01T19:34:53","slug":"resultado-final-da-eleicao-de-membro-docente-da-camara-de-ensino-e-extensao-cee-edital-03-2021","status":"publish","type":"post","link":"https:\/\/wp.ufpel.edu.br\/ccso\/2021\/12\/01\/resultado-final-da-eleicao-de-membro-docente-da-camara-de-ensino-e-extensao-cee-edital-03-2021\/","title":{"rendered":"Resultado Final da Elei\u00e7\u00e3o de\u00a0membro docente\u00a0da C\u00e2mara de Ensino e Extens\u00e3o (CEE) &#8211; Edital 03\/2021"},"content":{"rendered":"<p style=\"text-align: justify\">A Comiss\u00e3o Eleitoral para a Elei\u00e7\u00e3o de\u00a0membro docente\u00a0da C\u00e2mara de Ensino e Extens\u00e3o (CEE), institu\u00edda pela Portaria N. 55 (<a href=\"https:\/\/wp.ufpel.edu.br\/ccso\/files\/2021\/12\/SEI_UFPel-1502977-Portaria-Interna.pdf\" target=\"_blank\" rel=\"noopener\" data-saferedirecturl=\"https:\/\/www.google.com\/url?q=https:\/\/sei.ufpel.edu.br\/sei\/controlador.php?acao%3Dprotocolo_visualizar%26id_protocolo%3D1699828%26infra_sistema%3D100000100%26infra_unidade_atual%3D110000690%26infra_hash%3Df38d12a9237ffa743fd964f8d21b6ccff922276823a51c90dc5bb7d8c0379260&amp;source=gmail&amp;ust=1638471396814000&amp;usg=AOvVaw1g-6g1QsJI-dCmkwhsOGh5\">1502977<\/a>) do Centro de Ci\u00eancias Socio-Organizacionais da Universidade Federal de Pelotas, no uso de suas atribui\u00e7\u00f5es,<\/p>\n<p style=\"text-align: justify\">\n<p style=\"text-align: justify\">DECIDE\u00a0homologar o Resultado Final da Elei\u00e7\u00e3o para a CEE:<\/p>\n<p style=\"text-align: justify\">\n<p style=\"text-align: justify\">Quadro Docente:<\/p>\n<p style=\"text-align: justify\">&#8211; \u00a0 Maria da Gra\u00e7a Saraiva Nogueira<\/p>\n","protected":false},"excerpt":{"rendered":"<p>A Comiss\u00e3o Eleitoral para a Elei\u00e7\u00e3o de\u00a0membro docente\u00a0da C\u00e2mara de Ensino e Extens\u00e3o (CEE), institu\u00edda pela Portaria N. 55 (1502977) do Centro de Ci\u00eancias Socio-Organizacionais da Universidade Federal de Pelotas, no uso de suas atribui\u00e7\u00f5es, DECIDE\u00a0homologar o Resultado Final da Elei\u00e7\u00e3o para a CEE: Quadro Docente: &#8211; \u00a0 Maria da Gra\u00e7a Saraiva Nogueira<\/p>\n","protected":false},"author":1120,"featured_media":0,"comment_status":"closed","ping_status":"closed","sticky":false,"template":"","format":"standard","meta":{"footnotes":""},"categories":[1],"tags":[],"class_list":["post-7356","post","type-post","status-publish","format-standard","hentry","category-noticias","item-wrap"],"jetpack_featured_media_url":"","_links":{"self":[{"href":"https:\/\/wp.ufpel.edu.br\/ccso\/wp-json\/wp\/v2\/posts\/7356","targetHints":{"allow":["GET"]}}],"collection":[{"href":"https:\/\/wp.ufpel.edu.br\/ccso\/wp-json\/wp\/v2\/posts"}],"about":[{"href":"https:\/\/wp.ufpel.edu.br\/ccso\/wp-json\/wp\/v2\/types\/post"}],"author":[{"embeddable":true,"href":"https:\/\/wp.ufpel.edu.br\/ccso\/wp-json\/wp\/v2\/users\/1120"}],"replies":[{"embeddable":true,"href":"https:\/\/wp.ufpel.edu.br\/ccso\/wp-json\/wp\/v2\/comments?post=7356"}],"version-history":[{"count":4,"href":"https:\/\/wp.ufpel.edu.br\/ccso\/wp-json\/wp\/v2\/posts\/7356\/revisions"}],"predecessor-version":[{"id":7362,"href":"https:\/\/wp.ufpel.edu.br\/ccso\/wp-json\/wp\/v2\/posts\/7356\/revisions\/7362"}],"wp:attachment":[{"href":"https:\/\/wp.ufpel.edu.br\/ccso\/wp-json\/wp\/v2\/media?parent=7356"}],"wp:term":[{"taxonomy":"category","embeddable":true,"href":"https:\/\/wp.ufpel.edu.br\/ccso\/wp-json\/wp\/v2\/categories?post=7356"},{"taxonomy":"post_tag","embeddable":true,"href":"https:\/\/wp.ufpel.edu.br\/ccso\/wp-json\/wp\/v2\/tags?post=7356"}],"curies":[{"name":"wp","href":"https:\/\/api.w.org\/{rel}","templated":true}]}}