{"id":7141,"date":"2021-10-05T18:06:51","date_gmt":"2021-10-05T21:06:51","guid":{"rendered":"https:\/\/wp.ufpel.edu.br\/ccso\/?p=7141"},"modified":"2021-10-05T19:20:31","modified_gmt":"2021-10-05T22:20:31","slug":"abertas-as-inscricoes-para-o-cafe-com-a-direcao-virtual-edicao-de-outubro","status":"publish","type":"post","link":"https:\/\/wp.ufpel.edu.br\/ccso\/2021\/10\/05\/abertas-as-inscricoes-para-o-cafe-com-a-direcao-virtual-edicao-de-outubro\/","title":{"rendered":"Abertas as Inscri\u00e7\u00f5es para O Caf\u00e9 com a Dire\u00e7\u00e3o Virtual \u2013 Edi\u00e7\u00e3o de outubro"},"content":{"rendered":"<p style=\"text-align: justify\"><img loading=\"lazy\" decoding=\"async\" class=\"alignnone size-medium wp-image-7146\" src=\"https:\/\/wp.ufpel.edu.br\/ccso\/files\/2021\/10\/Cartaz-Principal-1-400x335.jpeg\" alt=\"\" width=\"400\" height=\"335\" srcset=\"https:\/\/wp.ufpel.edu.br\/ccso\/files\/2021\/10\/Cartaz-Principal-1-400x335.jpeg 400w, https:\/\/wp.ufpel.edu.br\/ccso\/files\/2021\/10\/Cartaz-Principal-1-768x644.jpeg 768w, https:\/\/wp.ufpel.edu.br\/ccso\/files\/2021\/10\/Cartaz-Principal-1.jpeg 940w\" sizes=\"auto, (max-width: 400px) 100vw, 400px\" \/>O projeto unificado de ensino Acolhida CCSO realizar\u00e1 no dia 15\/10 (sexta-feira), \u00e0s 16h, a quarta edi\u00e7\u00e3o de 2021 do Caf\u00e9 com a Dire\u00e7\u00e3o Virtual, com o tema &#8220;O Sucesso das organiza\u00e7\u00f5es estudantis &#8211; Conversa com a Emad Jr e a Atl\u00e9tica M\u00e1fia&#8221;.<\/p>\n<p style=\"text-align: justify\">Os Convidados desta edi\u00e7\u00e3o s\u00e3o: Beatriz de Oliveira Gruppelli, aluna do curso Bacharelado em Administra\u00e7\u00e3o e integrante da equipe Emad Jr., Gabriel Fucolo Antunes, aluno do curso Superior de Tecnologia em Processos Gerenciais e integrante da equipe Emad Jr. e Nicoly Batista Pereira, aluna do curso de Bacharelado em Administra\u00e7\u00e3o e presidente da Associa\u00e7\u00e3o Atl\u00e9tica Acad\u00eamica Mafia. A media\u00e7\u00e3o do evento ser\u00e1 realizada pela professora Isabel Cristina Rosa Barros Rasia, Diretora do Centro de Ci\u00eancias Socio-Organizacionais.<\/p>\n<p style=\"text-align: justify\">A Emad Jr. foi criada em 1999 e \u00e9 uma empresa de consultoria empresarial formada por acad\u00eamicos dos cursos de Administra\u00e7\u00e3o, Gest\u00e3o P\u00fablica, Processos Gerenciais e Turismo da Universidade Federal de Pelotas. Os projetos s\u00e3o\u00a0 s\u00e3o realizados pelos estudantes, supervisionados pelo professor coordenador da empresa. A Emad. Jr. realiza Pesquisa de Mercado, Organiza\u00e7\u00e3o de Eventos, Pesquisa de Satisfa\u00e7\u00e3o, Pesquisa de Clima, Controle de Caixa, Cliente Oculto, Plano de Marketing e Recrutamento e Sele\u00e7\u00e3o.<\/p>\n<p style=\"text-align: justify\">J\u00e1 a Associa\u00e7\u00e3o Acad\u00eamica Atl\u00e9tica M\u00e1fia (CCSO e Economia) \u00e9 uma organiza\u00e7\u00e3o estudantil\u00a0 dividida em diversos setores, que integra alunos dos cursos de Administra\u00e7\u00e3o, Turismo, Processos Gerenciais, Gest\u00e3o p\u00fablica e Economia. A Atl\u00e9tica M\u00e1fia desenvolve diversos projetos, contam com parcerias de institui\u00e7\u00f5es privadas, levam informa\u00e7\u00e3o, conscientiza\u00e7\u00e3o e acolhimento para os alunos de uma maneira descontra\u00edda e informal.<\/p>\n<p style=\"text-align: justify\">Quer saber mais sobre a Emad Jr. e a Atl\u00e9tica M\u00e1fia? Se inscreva no Caf\u00e9 com a Dire\u00e7\u00e3o Virtual. As inscri\u00e7\u00f5es para o evento est\u00e3o abertas at\u00e9 13\/10 (quarta-feira), pelo link:\u00a0<a href=\"https:\/\/forms.gle\/3fazoAVX3AtamcwdA\">https:\/\/forms.gle\/3fazoAVX3AtamcwdA<\/a><\/p>\n<p style=\"text-align: justify\">O Caf\u00e9 com a Dire\u00e7\u00e3o Virtual \u00e9 aberto para alunos de gradua\u00e7\u00e3o e p\u00f3s-gradua\u00e7\u00e3o do CCSO e servidores docentes e t\u00e9cnico-administrativos da unidade e, nesta edi\u00e7\u00e3o, tamb\u00e9m est\u00e1 aberto para a participa\u00e7\u00e3o de alunos do curso de Ci\u00eancias Econ\u00f4micas da UFPel.<\/p>\n<p style=\"text-align: justify\">O evento ser\u00e1 realizado na plataforma WebConf-UFPel, tem dura\u00e7\u00e3o prevista de 2 horas e ser\u00e1 acess\u00edvel em Libras. Participe!!!<\/p>\n","protected":false},"excerpt":{"rendered":"<p>O projeto unificado de ensino Acolhida CCSO realizar\u00e1 no dia 15\/10 (sexta-feira), \u00e0s 16h, a quarta edi\u00e7\u00e3o de 2021 do Caf\u00e9 com a Dire\u00e7\u00e3o Virtual, com o tema &#8220;O Sucesso das organiza\u00e7\u00f5es estudantis &#8211; Conversa com a Emad Jr e a Atl\u00e9tica M\u00e1fia&#8221;. Os Convidados desta edi\u00e7\u00e3o s\u00e3o: Beatriz de Oliveira Gruppelli, aluna do curso &hellip; <\/p>\n<p><a class=\"more-link btn\" href=\"https:\/\/wp.ufpel.edu.br\/ccso\/2021\/10\/05\/abertas-as-inscricoes-para-o-cafe-com-a-direcao-virtual-edicao-de-outubro\/\">Continue lendo<\/a><\/p>\n","protected":false},"author":1120,"featured_media":0,"comment_status":"closed","ping_status":"closed","sticky":false,"template":"","format":"standard","meta":{"footnotes":""},"categories":[1],"tags":[],"class_list":["post-7141","post","type-post","status-publish","format-standard","hentry","category-noticias","item-wrap"],"jetpack_featured_media_url":"","_links":{"self":[{"href":"https:\/\/wp.ufpel.edu.br\/ccso\/wp-json\/wp\/v2\/posts\/7141","targetHints":{"allow":["GET"]}}],"collection":[{"href":"https:\/\/wp.ufpel.edu.br\/ccso\/wp-json\/wp\/v2\/posts"}],"about":[{"href":"https:\/\/wp.ufpel.edu.br\/ccso\/wp-json\/wp\/v2\/types\/post"}],"author":[{"embeddable":true,"href":"https:\/\/wp.ufpel.edu.br\/ccso\/wp-json\/wp\/v2\/users\/1120"}],"replies":[{"embeddable":true,"href":"https:\/\/wp.ufpel.edu.br\/ccso\/wp-json\/wp\/v2\/comments?post=7141"}],"version-history":[{"count":5,"href":"https:\/\/wp.ufpel.edu.br\/ccso\/wp-json\/wp\/v2\/posts\/7141\/revisions"}],"predecessor-version":[{"id":7149,"href":"https:\/\/wp.ufpel.edu.br\/ccso\/wp-json\/wp\/v2\/posts\/7141\/revisions\/7149"}],"wp:attachment":[{"href":"https:\/\/wp.ufpel.edu.br\/ccso\/wp-json\/wp\/v2\/media?parent=7141"}],"wp:term":[{"taxonomy":"category","embeddable":true,"href":"https:\/\/wp.ufpel.edu.br\/ccso\/wp-json\/wp\/v2\/categories?post=7141"},{"taxonomy":"post_tag","embeddable":true,"href":"https:\/\/wp.ufpel.edu.br\/ccso\/wp-json\/wp\/v2\/tags?post=7141"}],"curies":[{"name":"wp","href":"https:\/\/api.w.org\/{rel}","templated":true}]}}