{"id":7125,"date":"2021-09-29T18:20:15","date_gmt":"2021-09-29T21:20:15","guid":{"rendered":"https:\/\/wp.ufpel.edu.br\/ccso\/?p=7125"},"modified":"2021-09-29T18:20:15","modified_gmt":"2021-09-29T21:20:15","slug":"aluno-egresso-e-professoras-do-ccso-publicam-artigo-em-periodico","status":"publish","type":"post","link":"https:\/\/wp.ufpel.edu.br\/ccso\/2021\/09\/29\/aluno-egresso-e-professoras-do-ccso-publicam-artigo-em-periodico\/","title":{"rendered":"Aluno egresso e professoras do CCSO publicam artigo em peri\u00f3dico"},"content":{"rendered":"<p style=\"text-align: justify\">O aluno egresso do Curso Superior de Tecnologia em Processos Gerenciais, Mois\u00e9s M\u00fcller Dallmann, e as professoras do CCSO Isabel Teresinha Dutra Soares e Francielle Mollon da Silva, publicaram recentemente o artigo \u201cASCENS\u00c3O E DECL\u00cdNIO DE UMA PEQUENA EMPRESA FAMILIAR DE CARROCERIAS DE MADEIRA\u201d, na Revista Livre de Sustentabilidade e Empreendedorismo \u2013 Relise.<\/p>\n<p style=\"text-align: justify\">O trabalho tem como tema o Empreendedorismo. O objetivo da pesquisa foi avaliar as poss\u00edveis causas do fechamento da f\u00e1brica de carrocerias de madeira Rodotruck, nome fict\u00edcio de uma empresa familiar do ramo de carrocerias de madeira da cidade de Caxias do Sul. Segundo os pesquisadores, quanto \u00e0 metodologia, a pesquisa se classificou\u00a0como explorat\u00f3ria e descritiva. Foi realizada entrevista semi estruturada junto aos fundadores da empresa Rodotruck e os dados foram analisados por meio da an\u00e1lise de conte\u00fado.<\/p>\n<p style=\"text-align: justify\">Os resultados mostraram que, dentre as causas do fechamento da f\u00e1brica, destaca-se o empobrecimento dos caminhoneiros aut\u00f4nomos, a alta carga tribut\u00e1ria que recai sobre as empresas familiares e a substitui\u00e7\u00e3o da madeira pelo ferro e alum\u00ednio na constru\u00e7\u00e3o das carrocerias. Ao final foram apresentadas ideias para reabertura da empresa.<\/p>\n<p style=\"text-align: justify\">O artigo completo pode ser acessado <a href=\"http:\/\/www.relise.eco.br\/index.php\/relise\/article\/view\/534\/544\">aqui<\/a>.<\/p>\n","protected":false},"excerpt":{"rendered":"<p>O aluno egresso do Curso Superior de Tecnologia em Processos Gerenciais, Mois\u00e9s M\u00fcller Dallmann, e as professoras do CCSO Isabel Teresinha Dutra Soares e Francielle Mollon da Silva, publicaram recentemente o artigo \u201cASCENS\u00c3O E DECL\u00cdNIO DE UMA PEQUENA EMPRESA FAMILIAR DE CARROCERIAS DE MADEIRA\u201d, na Revista Livre de Sustentabilidade e Empreendedorismo \u2013 Relise. O trabalho &hellip; <\/p>\n<p><a class=\"more-link btn\" href=\"https:\/\/wp.ufpel.edu.br\/ccso\/2021\/09\/29\/aluno-egresso-e-professoras-do-ccso-publicam-artigo-em-periodico\/\">Continue lendo<\/a><\/p>\n","protected":false},"author":1120,"featured_media":0,"comment_status":"closed","ping_status":"closed","sticky":false,"template":"","format":"standard","meta":{"footnotes":""},"categories":[1],"tags":[],"class_list":["post-7125","post","type-post","status-publish","format-standard","hentry","category-noticias","item-wrap"],"jetpack_featured_media_url":"","_links":{"self":[{"href":"https:\/\/wp.ufpel.edu.br\/ccso\/wp-json\/wp\/v2\/posts\/7125","targetHints":{"allow":["GET"]}}],"collection":[{"href":"https:\/\/wp.ufpel.edu.br\/ccso\/wp-json\/wp\/v2\/posts"}],"about":[{"href":"https:\/\/wp.ufpel.edu.br\/ccso\/wp-json\/wp\/v2\/types\/post"}],"author":[{"embeddable":true,"href":"https:\/\/wp.ufpel.edu.br\/ccso\/wp-json\/wp\/v2\/users\/1120"}],"replies":[{"embeddable":true,"href":"https:\/\/wp.ufpel.edu.br\/ccso\/wp-json\/wp\/v2\/comments?post=7125"}],"version-history":[{"count":1,"href":"https:\/\/wp.ufpel.edu.br\/ccso\/wp-json\/wp\/v2\/posts\/7125\/revisions"}],"predecessor-version":[{"id":7127,"href":"https:\/\/wp.ufpel.edu.br\/ccso\/wp-json\/wp\/v2\/posts\/7125\/revisions\/7127"}],"wp:attachment":[{"href":"https:\/\/wp.ufpel.edu.br\/ccso\/wp-json\/wp\/v2\/media?parent=7125"}],"wp:term":[{"taxonomy":"category","embeddable":true,"href":"https:\/\/wp.ufpel.edu.br\/ccso\/wp-json\/wp\/v2\/categories?post=7125"},{"taxonomy":"post_tag","embeddable":true,"href":"https:\/\/wp.ufpel.edu.br\/ccso\/wp-json\/wp\/v2\/tags?post=7125"}],"curies":[{"name":"wp","href":"https:\/\/api.w.org\/{rel}","templated":true}]}}