{"id":7119,"date":"2021-09-28T14:38:55","date_gmt":"2021-09-28T17:38:55","guid":{"rendered":"https:\/\/wp.ufpel.edu.br\/ccso\/?p=7119"},"modified":"2021-09-28T14:38:55","modified_gmt":"2021-09-28T17:38:55","slug":"centro-de-ciencias-socio-organizacionais-promove-live-sobre-a-plataforma-brasil","status":"publish","type":"post","link":"https:\/\/wp.ufpel.edu.br\/ccso\/2021\/09\/28\/centro-de-ciencias-socio-organizacionais-promove-live-sobre-a-plataforma-brasil\/","title":{"rendered":"Centro de Ci\u00eancias Socio-Organizacionais promove live sobre a Plataforma Brasil"},"content":{"rendered":"<p style=\"text-align: justify\"><img loading=\"lazy\" decoding=\"async\" class=\"alignnone size-medium wp-image-7122\" src=\"https:\/\/wp.ufpel.edu.br\/ccso\/files\/2021\/09\/Cartaz-principal-3-400x400.jpeg\" alt=\"\" width=\"400\" height=\"400\" srcset=\"https:\/\/wp.ufpel.edu.br\/ccso\/files\/2021\/09\/Cartaz-principal-3-400x400.jpeg 400w, https:\/\/wp.ufpel.edu.br\/ccso\/files\/2021\/09\/Cartaz-principal-3-1024x1024.jpeg 1024w, https:\/\/wp.ufpel.edu.br\/ccso\/files\/2021\/09\/Cartaz-principal-3-200x200.jpeg 200w, https:\/\/wp.ufpel.edu.br\/ccso\/files\/2021\/09\/Cartaz-principal-3-768x768.jpeg 768w, https:\/\/wp.ufpel.edu.br\/ccso\/files\/2021\/09\/Cartaz-principal-3.jpeg 1080w\" sizes=\"auto, (max-width: 400px) 100vw, 400px\" \/>O Centro de Ci\u00eancias Socio-Organizacionais da Universidade Federal de Pelotas (CCSO\/UFPel) realizar\u00e1, atrav\u00e9s da a\u00e7\u00e3o \u201cConex\u00e3o CCSO\u201d, no dia 01 de outubro, \u00e0s 16h30min, uma\u00a0<em>live<\/em>\u00a0sobre a Plataforma Brasil e os Comit\u00eas de \u00c9tica na Pesquisa. A transmiss\u00e3o ser\u00e1 pelo\u00a0canal da unidade no <a href=\"https:\/\/www.youtube.com\/watch?v=WEecddqfgvo\">YouTube (CCSO-UFPel)<\/a>.<\/p>\n<p style=\"text-align: justify\">A\u00a0<em>live<\/em>\u00a0ter\u00e1 como palestrante o professor Marcos Britto Corr\u00eaa, atual coordenador de pesquisa da UFPel junto \u00e0 Pr\u00f3-Reitoria de Pesquisa e P\u00f3s-Gradua\u00e7\u00e3o (PRPPG). A media\u00e7\u00e3o ser\u00e1 realizada pelo professor Vilmar Ant\u00f4nio Gon\u00e7alves Tondolo, coordenador da C\u00e2mara de Pesquisa e Inova\u00e7\u00e3o do CCSO.<\/p>\n<p style=\"text-align: justify\">O evento tem por objetivo apresentar a Plataforma Brasil, uma base nacional e unificada de registros de pesquisas envolvendo seres humanos para todo o sistema CEP\/CONEP. Tal plataforma aceita que as pesquisas sejam acompanhadas em seus diferentes est\u00e1gios e o acesso aos dados p\u00fablicos de todas as pesquisas aprovadas. O evento \u00e9 direcionado a pesquisadores, docentes e alunos de p\u00f3s-gradua\u00e7\u00e3o.<\/p>\n<p style=\"text-align: justify\">\u201cConex\u00e3o CCSO\u201d \u00e9 uma a\u00e7\u00e3o vinculada ao projeto unificado de ensino \u201cAcolhida CCSO\u201d e tem por objetivos proporcionar o interc\u00e2mbio de informa\u00e7\u00f5es e viv\u00eancias entre alunos, docentes e t\u00e9cnicos da UFPel, com profissionais do mercado, gestores p\u00fablicos e segmentos da sociedade; debater temas emergentes das \u00e1reas de Administra\u00e7\u00e3o, Gest\u00e3o P\u00fablica e de Empresas e Turismo; e discutir os principais desafios e oportunidades no mundo do trabalho para os administradores, gestores p\u00fablicos, gestores privados e turism\u00f3logos.<\/p>\n<p style=\"text-align: justify\">O evento ter\u00e1 dura\u00e7\u00e3o de 1h30min e contar\u00e1 com tradutores-interpretes de Libras. Ser\u00e1 disponibilizada uma lista de presen\u00e7a para fins de certifica\u00e7\u00e3o.<\/p>\n","protected":false},"excerpt":{"rendered":"<p>O Centro de Ci\u00eancias Socio-Organizacionais da Universidade Federal de Pelotas (CCSO\/UFPel) realizar\u00e1, atrav\u00e9s da a\u00e7\u00e3o \u201cConex\u00e3o CCSO\u201d, no dia 01 de outubro, \u00e0s 16h30min, uma\u00a0live\u00a0sobre a Plataforma Brasil e os Comit\u00eas de \u00c9tica na Pesquisa. A transmiss\u00e3o ser\u00e1 pelo\u00a0canal da unidade no YouTube (CCSO-UFPel). A\u00a0live\u00a0ter\u00e1 como palestrante o professor Marcos Britto Corr\u00eaa, atual coordenador de &hellip; <\/p>\n<p><a class=\"more-link btn\" href=\"https:\/\/wp.ufpel.edu.br\/ccso\/2021\/09\/28\/centro-de-ciencias-socio-organizacionais-promove-live-sobre-a-plataforma-brasil\/\">Continue lendo<\/a><\/p>\n","protected":false},"author":1120,"featured_media":0,"comment_status":"closed","ping_status":"closed","sticky":false,"template":"","format":"standard","meta":{"footnotes":""},"categories":[1],"tags":[],"class_list":["post-7119","post","type-post","status-publish","format-standard","hentry","category-noticias","item-wrap"],"jetpack_featured_media_url":"","_links":{"self":[{"href":"https:\/\/wp.ufpel.edu.br\/ccso\/wp-json\/wp\/v2\/posts\/7119","targetHints":{"allow":["GET"]}}],"collection":[{"href":"https:\/\/wp.ufpel.edu.br\/ccso\/wp-json\/wp\/v2\/posts"}],"about":[{"href":"https:\/\/wp.ufpel.edu.br\/ccso\/wp-json\/wp\/v2\/types\/post"}],"author":[{"embeddable":true,"href":"https:\/\/wp.ufpel.edu.br\/ccso\/wp-json\/wp\/v2\/users\/1120"}],"replies":[{"embeddable":true,"href":"https:\/\/wp.ufpel.edu.br\/ccso\/wp-json\/wp\/v2\/comments?post=7119"}],"version-history":[{"count":3,"href":"https:\/\/wp.ufpel.edu.br\/ccso\/wp-json\/wp\/v2\/posts\/7119\/revisions"}],"predecessor-version":[{"id":7124,"href":"https:\/\/wp.ufpel.edu.br\/ccso\/wp-json\/wp\/v2\/posts\/7119\/revisions\/7124"}],"wp:attachment":[{"href":"https:\/\/wp.ufpel.edu.br\/ccso\/wp-json\/wp\/v2\/media?parent=7119"}],"wp:term":[{"taxonomy":"category","embeddable":true,"href":"https:\/\/wp.ufpel.edu.br\/ccso\/wp-json\/wp\/v2\/categories?post=7119"},{"taxonomy":"post_tag","embeddable":true,"href":"https:\/\/wp.ufpel.edu.br\/ccso\/wp-json\/wp\/v2\/tags?post=7119"}],"curies":[{"name":"wp","href":"https:\/\/api.w.org\/{rel}","templated":true}]}}