{"id":7110,"date":"2021-09-27T14:54:40","date_gmt":"2021-09-27T17:54:40","guid":{"rendered":"https:\/\/wp.ufpel.edu.br\/ccso\/?p=7110"},"modified":"2021-09-27T15:44:09","modified_gmt":"2021-09-27T18:44:09","slug":"semana-de-turismo-de-pelotas-2021","status":"publish","type":"post","link":"https:\/\/wp.ufpel.edu.br\/ccso\/2021\/09\/27\/semana-de-turismo-de-pelotas-2021\/","title":{"rendered":"Semana de Turismo de Pelotas \u2013 2021"},"content":{"rendered":"<p style=\"text-align: justify\"><img loading=\"lazy\" decoding=\"async\" class=\"alignnone size-medium wp-image-7112\" src=\"https:\/\/wp.ufpel.edu.br\/ccso\/files\/2021\/09\/PHOTO-2021-09-22-11-01-18-283x400.jpg\" alt=\"\" width=\"283\" height=\"400\" srcset=\"https:\/\/wp.ufpel.edu.br\/ccso\/files\/2021\/09\/PHOTO-2021-09-22-11-01-18-283x400.jpg 283w, https:\/\/wp.ufpel.edu.br\/ccso\/files\/2021\/09\/PHOTO-2021-09-22-11-01-18-723x1024.jpg 723w, https:\/\/wp.ufpel.edu.br\/ccso\/files\/2021\/09\/PHOTO-2021-09-22-11-01-18-768x1087.jpg 768w, https:\/\/wp.ufpel.edu.br\/ccso\/files\/2021\/09\/PHOTO-2021-09-22-11-01-18.jpg 904w\" sizes=\"auto, (max-width: 283px) 100vw, 283px\" \/>Dentro da programa\u00e7\u00e3o da Semana de Turismo de Pelotas, a Universidade Federal de Pelotas, em parceria com a Emater\/RS e a Prefeitura Municipal de Pelotas promove dia 29\/09 (quarta-feira), as 17h, a live Turismo Rural como Atividade de Inclus\u00e3o de Gera\u00e7\u00e3o e G\u00eanero, com a participa\u00e7\u00e3o de Fernanda Costa da Silva e a media\u00e7\u00e3o de Mauricio Pimentel. O evento ser\u00e1 realizado na plataforma zoom. Link para inscri\u00e7\u00f5es: https:\/\/bit.ly\/39rCPsq<\/p>\n","protected":false},"excerpt":{"rendered":"<p>Dentro da programa\u00e7\u00e3o da Semana de Turismo de Pelotas, a Universidade Federal de Pelotas, em parceria com a Emater\/RS e a Prefeitura Municipal de Pelotas promove dia 29\/09 (quarta-feira), as 17h, a live Turismo Rural como Atividade de Inclus\u00e3o de Gera\u00e7\u00e3o e G\u00eanero, com a participa\u00e7\u00e3o de Fernanda Costa da Silva e a media\u00e7\u00e3o de &hellip; <\/p>\n<p><a class=\"more-link btn\" href=\"https:\/\/wp.ufpel.edu.br\/ccso\/2021\/09\/27\/semana-de-turismo-de-pelotas-2021\/\">Continue lendo<\/a><\/p>\n","protected":false},"author":1120,"featured_media":0,"comment_status":"closed","ping_status":"closed","sticky":false,"template":"","format":"standard","meta":{"footnotes":""},"categories":[1],"tags":[],"class_list":["post-7110","post","type-post","status-publish","format-standard","hentry","category-noticias","item-wrap"],"jetpack_featured_media_url":"","_links":{"self":[{"href":"https:\/\/wp.ufpel.edu.br\/ccso\/wp-json\/wp\/v2\/posts\/7110","targetHints":{"allow":["GET"]}}],"collection":[{"href":"https:\/\/wp.ufpel.edu.br\/ccso\/wp-json\/wp\/v2\/posts"}],"about":[{"href":"https:\/\/wp.ufpel.edu.br\/ccso\/wp-json\/wp\/v2\/types\/post"}],"author":[{"embeddable":true,"href":"https:\/\/wp.ufpel.edu.br\/ccso\/wp-json\/wp\/v2\/users\/1120"}],"replies":[{"embeddable":true,"href":"https:\/\/wp.ufpel.edu.br\/ccso\/wp-json\/wp\/v2\/comments?post=7110"}],"version-history":[{"count":2,"href":"https:\/\/wp.ufpel.edu.br\/ccso\/wp-json\/wp\/v2\/posts\/7110\/revisions"}],"predecessor-version":[{"id":7114,"href":"https:\/\/wp.ufpel.edu.br\/ccso\/wp-json\/wp\/v2\/posts\/7110\/revisions\/7114"}],"wp:attachment":[{"href":"https:\/\/wp.ufpel.edu.br\/ccso\/wp-json\/wp\/v2\/media?parent=7110"}],"wp:term":[{"taxonomy":"category","embeddable":true,"href":"https:\/\/wp.ufpel.edu.br\/ccso\/wp-json\/wp\/v2\/categories?post=7110"},{"taxonomy":"post_tag","embeddable":true,"href":"https:\/\/wp.ufpel.edu.br\/ccso\/wp-json\/wp\/v2\/tags?post=7110"}],"curies":[{"name":"wp","href":"https:\/\/api.w.org\/{rel}","templated":true}]}}