{"id":7102,"date":"2021-09-17T19:15:54","date_gmt":"2021-09-17T22:15:54","guid":{"rendered":"https:\/\/wp.ufpel.edu.br\/ccso\/?p=7102"},"modified":"2021-09-17T19:15:54","modified_gmt":"2021-09-17T22:15:54","slug":"simposio-constituicao-e-liberdade-academica-no-brasil","status":"publish","type":"post","link":"https:\/\/wp.ufpel.edu.br\/ccso\/2021\/09\/17\/simposio-constituicao-e-liberdade-academica-no-brasil\/","title":{"rendered":"Simp\u00f3sio Constitui\u00e7\u00e3o e Liberdade Acad\u00eamica no Brasil"},"content":{"rendered":"<p style=\"text-align: justify\"><img loading=\"lazy\" decoding=\"async\" class=\"alignnone size-medium wp-image-7104\" src=\"https:\/\/wp.ufpel.edu.br\/ccso\/files\/2021\/09\/Folder-Liberdade-Academica-400x400.png\" alt=\"\" width=\"400\" height=\"400\" srcset=\"https:\/\/wp.ufpel.edu.br\/ccso\/files\/2021\/09\/Folder-Liberdade-Academica-400x400.png 400w, https:\/\/wp.ufpel.edu.br\/ccso\/files\/2021\/09\/Folder-Liberdade-Academica-1024x1024.png 1024w, https:\/\/wp.ufpel.edu.br\/ccso\/files\/2021\/09\/Folder-Liberdade-Academica-200x200.png 200w, https:\/\/wp.ufpel.edu.br\/ccso\/files\/2021\/09\/Folder-Liberdade-Academica-768x768.png 768w, https:\/\/wp.ufpel.edu.br\/ccso\/files\/2021\/09\/Folder-Liberdade-Academica.png 1080w\" sizes=\"auto, (max-width: 400px) 100vw, 400px\" \/>\u00c9 com grande alegria que comunicamos a realiza\u00e7\u00e3o do simp\u00f3sio\u00a0<b>Constitui\u00e7\u00e3o e Liberdade Acad\u00eamica no Brasil<\/b>, a ser realizado no dia\u00a0<b>11 de novembro de 2021<\/b>, das\u00a0<b>17h \u00e0s 19h<\/b>, no\u00a0<b>Canal do CCSO-UFPel no Youtube\u00a0<\/b>(<a href=\"https:\/\/www.youtube.com\/watch?v=PmT85unD7hg\" target=\"_blank\" rel=\"noopener\" data-saferedirecturl=\"https:\/\/www.google.com\/url?q=https:\/\/www.youtube.com\/watch?v%3DPmT85unD7hg&amp;source=gmail&amp;ust=1632000720791000&amp;usg=AFQjCNEW6Yr1EfqhRLBmOeb_SMEeW6lFZw\">https:\/\/www.youtube.com\/watch?v=PmT85unD7hg<\/a>).<\/p>\n<div style=\"text-align: justify\"><\/div>\n<div>O evento \u00e9 promovido pela Faculdade de Direito da Universidade Federal da Bahia (UFBA) e o Curso de Gest\u00e3o P\u00fablica da UFPel, no \u00e2mbito do projeto\u00a0<i>Gest\u00e3o P\u00fablica em Foco<\/i>. Contar\u00e1 com as seguintes palestras:<\/p>\n<div style=\"text-align: justify\"><\/div>\n<div style=\"text-align: justify\"><b><i>Constitui\u00e7\u00e3o democr\u00e1tica e denuncismo extremista<\/i><\/b><br \/>\n<u>Airton Lisle Cerqueira Leite Seelaender (UnB)<\/u>\u00a0&#8211; Professor Associado da Faculdade de Direito da Universidade de Bras\u00edlia (UnB) e Pesquisador do CNPq. Graduado pela Universidade de S\u00e3o Paulo, \u00e9 Mestre e Doutor em Direito pela Johann Wolfgang Goethe-Universit\u00e4t Frankfurt .<\/p>\n<p><i><b>A liberdade acad\u00eamica e as concep\u00e7\u00f5es autorit\u00e1rias de autonomia universit\u00e1ria<\/b><\/i><br \/>\n<u>Gustavo Castagna Machado (UFPel)<\/u>\u00a0&#8211; Professor Adjunto da Faculdade de Direito da Universidade Federal de Pelotas (UFPel). Doutor em Direito pela Universidade Federal do Rio Grande do Sul, com per\u00edodo sandu\u00edche no Max-Planck-Institut f\u00fcr europ\u00e4ische Rechtsgeschichte. Doutorando em Ci\u00eancia Pol\u00edtica pela \u00a0Johann Wolfgang Goethe-Universit\u00e4t Frankfurt.<\/p>\n<p>Media\u00e7\u00e3o: Prof. Dr. Fernando Nagib Marcos Coelho (UFBA)<\/p><\/div>\n<div style=\"text-align: justify\"><\/div>\n<div style=\"text-align: justify\"><\/div>\n<div style=\"text-align: justify\">O evento \u00e9 gratuito, com emiss\u00e3o de certificados para ouvintes.\u00a0As inscri\u00e7\u00f5es s\u00e3o realizadas no site\u00a0<a href=\"http:\/\/www.even3.com.br\/liberdadeacademica\" target=\"_blank\" rel=\"noopener\" data-saferedirecturl=\"https:\/\/www.google.com\/url?q=http:\/\/www.even3.com.br\/liberdadeacademica&amp;source=gmail&amp;ust=1632000720791000&amp;usg=AFQjCNEUjn-9XE0daymZAies9GGhVAW8hQ\">www.even3.com.br\/liberdadeacademica<\/a>.<\/div>\n<\/div>\n","protected":false},"excerpt":{"rendered":"<p>\u00c9 com grande alegria que comunicamos a realiza\u00e7\u00e3o do simp\u00f3sio\u00a0Constitui\u00e7\u00e3o e Liberdade Acad\u00eamica no Brasil, a ser realizado no dia\u00a011 de novembro de 2021, das\u00a017h \u00e0s 19h, no\u00a0Canal do CCSO-UFPel no Youtube\u00a0(https:\/\/www.youtube.com\/watch?v=PmT85unD7hg). O evento \u00e9 promovido pela Faculdade de Direito da Universidade Federal da Bahia (UFBA) e o Curso de Gest\u00e3o P\u00fablica da UFPel, no &hellip; <\/p>\n<p><a class=\"more-link btn\" href=\"https:\/\/wp.ufpel.edu.br\/ccso\/2021\/09\/17\/simposio-constituicao-e-liberdade-academica-no-brasil\/\">Continue lendo<\/a><\/p>\n","protected":false},"author":1120,"featured_media":0,"comment_status":"closed","ping_status":"closed","sticky":false,"template":"","format":"standard","meta":{"footnotes":""},"categories":[1],"tags":[],"class_list":["post-7102","post","type-post","status-publish","format-standard","hentry","category-noticias","item-wrap"],"jetpack_featured_media_url":"","_links":{"self":[{"href":"https:\/\/wp.ufpel.edu.br\/ccso\/wp-json\/wp\/v2\/posts\/7102","targetHints":{"allow":["GET"]}}],"collection":[{"href":"https:\/\/wp.ufpel.edu.br\/ccso\/wp-json\/wp\/v2\/posts"}],"about":[{"href":"https:\/\/wp.ufpel.edu.br\/ccso\/wp-json\/wp\/v2\/types\/post"}],"author":[{"embeddable":true,"href":"https:\/\/wp.ufpel.edu.br\/ccso\/wp-json\/wp\/v2\/users\/1120"}],"replies":[{"embeddable":true,"href":"https:\/\/wp.ufpel.edu.br\/ccso\/wp-json\/wp\/v2\/comments?post=7102"}],"version-history":[{"count":4,"href":"https:\/\/wp.ufpel.edu.br\/ccso\/wp-json\/wp\/v2\/posts\/7102\/revisions"}],"predecessor-version":[{"id":7108,"href":"https:\/\/wp.ufpel.edu.br\/ccso\/wp-json\/wp\/v2\/posts\/7102\/revisions\/7108"}],"wp:attachment":[{"href":"https:\/\/wp.ufpel.edu.br\/ccso\/wp-json\/wp\/v2\/media?parent=7102"}],"wp:term":[{"taxonomy":"category","embeddable":true,"href":"https:\/\/wp.ufpel.edu.br\/ccso\/wp-json\/wp\/v2\/categories?post=7102"},{"taxonomy":"post_tag","embeddable":true,"href":"https:\/\/wp.ufpel.edu.br\/ccso\/wp-json\/wp\/v2\/tags?post=7102"}],"curies":[{"name":"wp","href":"https:\/\/api.w.org\/{rel}","templated":true}]}}