{"id":7095,"date":"2021-09-17T10:42:48","date_gmt":"2021-09-17T13:42:48","guid":{"rendered":"https:\/\/wp.ufpel.edu.br\/ccso\/?p=7095"},"modified":"2021-09-17T10:50:45","modified_gmt":"2021-09-17T13:50:45","slug":"conexao-ccso-realizara-live-em-homenagem-ao-dia-mundial-do-turismo-e-dia-nacional-do-turismologo-e-dos-profissionais-do-turismo","status":"publish","type":"post","link":"https:\/\/wp.ufpel.edu.br\/ccso\/2021\/09\/17\/conexao-ccso-realizara-live-em-homenagem-ao-dia-mundial-do-turismo-e-dia-nacional-do-turismologo-e-dos-profissionais-do-turismo\/","title":{"rendered":"Conex\u00e3o CCSO realizar\u00e1 live em homenagem ao Dia Mundial do Turismo e Dia Nacional do Turism\u00f3logo e dos Profissionais do Turismo"},"content":{"rendered":"<p style=\"text-align: justify\"><img loading=\"lazy\" decoding=\"async\" class=\"alignnone size-medium wp-image-7098\" src=\"https:\/\/wp.ufpel.edu.br\/ccso\/files\/2021\/09\/Cartaz-Principal-2-400x400.jpeg\" alt=\"\" width=\"400\" height=\"400\" srcset=\"https:\/\/wp.ufpel.edu.br\/ccso\/files\/2021\/09\/Cartaz-Principal-2-400x400.jpeg 400w, https:\/\/wp.ufpel.edu.br\/ccso\/files\/2021\/09\/Cartaz-Principal-2-1024x1024.jpeg 1024w, https:\/\/wp.ufpel.edu.br\/ccso\/files\/2021\/09\/Cartaz-Principal-2-200x200.jpeg 200w, https:\/\/wp.ufpel.edu.br\/ccso\/files\/2021\/09\/Cartaz-Principal-2-768x768.jpeg 768w, https:\/\/wp.ufpel.edu.br\/ccso\/files\/2021\/09\/Cartaz-Principal-2.jpeg 1080w\" sizes=\"auto, (max-width: 400px) 100vw, 400px\" \/>No dia 27 de setembro, para marcar o Dia Mundial do Turismo e o Dia Nacional do Turism\u00f3logo e dos Profissionais do Turismo, a a\u00e7\u00e3o Conex\u00e3o CCSO vinculada ao Projeto Unificado de Ensino Acolhida CCSO, realizar\u00e1 a live \u201cFormei! E agora? Conquistas e Desafios do Turism\u00f3logo\u201d, no formato de relatos de experi\u00eancia.<\/p>\n<p style=\"text-align: justify\">O evento ser\u00e1 transmitido pelo canal do CCSO-UFPEL no YouTube, a partir das 19h, acesso direto pelo link: https:\/\/www.youtube.com\/watch?v=MrAvxbw0J_Q<\/p>\n<p style=\"text-align: justify\">Todas as convidadas da mesa virtual s\u00e3o egressas do Curso de Bacharelado em Turismo da UFPEL e abordar\u00e3o assuntos de diferentes \u00e1reas de atua\u00e7\u00e3o do turism\u00f3logo: Francieli C\u00f4rrea, Supervisora de Vendas na CI Interc\u00e2mbio e Viagem (Pelotas\/RS); Lara Blessmann, Fundadora da filial Afora- Viagens Pelo Mundo (Porto Alegre\/RS); Mariana Lopes Veiga, Chefe do Departamento de Eventos e Apoio a Atividades Tur\u00edsticas da Secretaria Municipal de Desenvolvimento, Turismo e Inova\u00e7\u00e3o de Pelotas;\u00a0 e Samara Camilotto, Pesquisadora, doutoranda em Turismo e Hospitalidade pela Universidade de Caxias do Sul (UCS). A media\u00e7\u00e3o ser\u00e1 realizada pela Profa. Dra. Nat\u00e1lia de Sousa Aldrigue, professora do CCSO.<\/p>\n<p style=\"text-align: justify\">O evento tem dura\u00e7\u00e3o prevista de 2h. Durante a transmiss\u00e3o, ser\u00e1 disponibilizada lista de presen\u00e7a para posterior certifica\u00e7\u00e3o dos participantes.<\/p>\n","protected":false},"excerpt":{"rendered":"<p>No dia 27 de setembro, para marcar o Dia Mundial do Turismo e o Dia Nacional do Turism\u00f3logo e dos Profissionais do Turismo, a a\u00e7\u00e3o Conex\u00e3o CCSO vinculada ao Projeto Unificado de Ensino Acolhida CCSO, realizar\u00e1 a live \u201cFormei! E agora? Conquistas e Desafios do Turism\u00f3logo\u201d, no formato de relatos de experi\u00eancia. O evento ser\u00e1 &hellip; <\/p>\n<p><a class=\"more-link btn\" href=\"https:\/\/wp.ufpel.edu.br\/ccso\/2021\/09\/17\/conexao-ccso-realizara-live-em-homenagem-ao-dia-mundial-do-turismo-e-dia-nacional-do-turismologo-e-dos-profissionais-do-turismo\/\">Continue lendo<\/a><\/p>\n","protected":false},"author":1120,"featured_media":0,"comment_status":"closed","ping_status":"closed","sticky":false,"template":"","format":"standard","meta":{"footnotes":""},"categories":[1],"tags":[],"class_list":["post-7095","post","type-post","status-publish","format-standard","hentry","category-noticias","item-wrap"],"jetpack_featured_media_url":"","_links":{"self":[{"href":"https:\/\/wp.ufpel.edu.br\/ccso\/wp-json\/wp\/v2\/posts\/7095","targetHints":{"allow":["GET"]}}],"collection":[{"href":"https:\/\/wp.ufpel.edu.br\/ccso\/wp-json\/wp\/v2\/posts"}],"about":[{"href":"https:\/\/wp.ufpel.edu.br\/ccso\/wp-json\/wp\/v2\/types\/post"}],"author":[{"embeddable":true,"href":"https:\/\/wp.ufpel.edu.br\/ccso\/wp-json\/wp\/v2\/users\/1120"}],"replies":[{"embeddable":true,"href":"https:\/\/wp.ufpel.edu.br\/ccso\/wp-json\/wp\/v2\/comments?post=7095"}],"version-history":[{"count":2,"href":"https:\/\/wp.ufpel.edu.br\/ccso\/wp-json\/wp\/v2\/posts\/7095\/revisions"}],"predecessor-version":[{"id":7100,"href":"https:\/\/wp.ufpel.edu.br\/ccso\/wp-json\/wp\/v2\/posts\/7095\/revisions\/7100"}],"wp:attachment":[{"href":"https:\/\/wp.ufpel.edu.br\/ccso\/wp-json\/wp\/v2\/media?parent=7095"}],"wp:term":[{"taxonomy":"category","embeddable":true,"href":"https:\/\/wp.ufpel.edu.br\/ccso\/wp-json\/wp\/v2\/categories?post=7095"},{"taxonomy":"post_tag","embeddable":true,"href":"https:\/\/wp.ufpel.edu.br\/ccso\/wp-json\/wp\/v2\/tags?post=7095"}],"curies":[{"name":"wp","href":"https:\/\/api.w.org\/{rel}","templated":true}]}}