{"id":7087,"date":"2021-09-13T14:49:21","date_gmt":"2021-09-13T17:49:21","guid":{"rendered":"https:\/\/wp.ufpel.edu.br\/ccso\/?p=7087"},"modified":"2021-09-13T14:49:21","modified_gmt":"2021-09-13T17:49:21","slug":"apresentacao-da-minuta-do-novo-ppc-do-curso-de-gestao-publica","status":"publish","type":"post","link":"https:\/\/wp.ufpel.edu.br\/ccso\/2021\/09\/13\/apresentacao-da-minuta-do-novo-ppc-do-curso-de-gestao-publica\/","title":{"rendered":"Apresenta\u00e7\u00e3o da Minuta do novo PPC do Curso de Gest\u00e3o P\u00fablica"},"content":{"rendered":"<p style=\"text-align: justify\">A Coordena\u00e7\u00e3o convida a todos os estudantes, t\u00e9cnico-administrativos e professores do Curso de Gest\u00e3o P\u00fablica para uma reuni\u00e3o de apresenta\u00e7\u00e3o do novo Projeto Pedag\u00f3gico do Curso de Gest\u00e3o P\u00fablica. O encontro ser\u00e1 realizado no dia 17\/09\/2021, sexta-feira, \u00e0s 18h, no endere\u00e7o: <a href=\"https:\/\/webconf.ufpel.edu.br\/b\/dan-qyp-4ae\" target=\"_blank\" rel=\"noopener\" data-saferedirecturl=\"https:\/\/www.google.com\/url?q=https:\/\/webconf.ufpel.edu.br\/b\/dan-qyp-4ae&amp;source=gmail&amp;ust=1631641404013000&amp;usg=AFQjCNF50TAYlT58XJla6US0ekcq82UiDg\">https:\/\/webconf.ufpel.edu.br\/b\/dan-qyp-4ae<\/a>.<\/p>\n<p>A minuta est\u00e1 dispon\u00edvel\u00a0<a href=\"https:\/\/wp.ufpel.edu.br\/ccso\/files\/2021\/09\/Minuta-NDE-Gestao-Publica.pdf\"><b>aqui<\/b><\/a><\/p>\n","protected":false},"excerpt":{"rendered":"<p>A Coordena\u00e7\u00e3o convida a todos os estudantes, t\u00e9cnico-administrativos e professores do Curso de Gest\u00e3o P\u00fablica para uma reuni\u00e3o de apresenta\u00e7\u00e3o do novo Projeto Pedag\u00f3gico do Curso de Gest\u00e3o P\u00fablica. O encontro ser\u00e1 realizado no dia 17\/09\/2021, sexta-feira, \u00e0s 18h, no endere\u00e7o: https:\/\/webconf.ufpel.edu.br\/b\/dan-qyp-4ae. A minuta est\u00e1 dispon\u00edvel\u00a0aqui<\/p>\n","protected":false},"author":1120,"featured_media":0,"comment_status":"closed","ping_status":"closed","sticky":false,"template":"","format":"standard","meta":{"footnotes":""},"categories":[1],"tags":[],"class_list":["post-7087","post","type-post","status-publish","format-standard","hentry","category-noticias","item-wrap"],"jetpack_featured_media_url":"","_links":{"self":[{"href":"https:\/\/wp.ufpel.edu.br\/ccso\/wp-json\/wp\/v2\/posts\/7087","targetHints":{"allow":["GET"]}}],"collection":[{"href":"https:\/\/wp.ufpel.edu.br\/ccso\/wp-json\/wp\/v2\/posts"}],"about":[{"href":"https:\/\/wp.ufpel.edu.br\/ccso\/wp-json\/wp\/v2\/types\/post"}],"author":[{"embeddable":true,"href":"https:\/\/wp.ufpel.edu.br\/ccso\/wp-json\/wp\/v2\/users\/1120"}],"replies":[{"embeddable":true,"href":"https:\/\/wp.ufpel.edu.br\/ccso\/wp-json\/wp\/v2\/comments?post=7087"}],"version-history":[{"count":1,"href":"https:\/\/wp.ufpel.edu.br\/ccso\/wp-json\/wp\/v2\/posts\/7087\/revisions"}],"predecessor-version":[{"id":7090,"href":"https:\/\/wp.ufpel.edu.br\/ccso\/wp-json\/wp\/v2\/posts\/7087\/revisions\/7090"}],"wp:attachment":[{"href":"https:\/\/wp.ufpel.edu.br\/ccso\/wp-json\/wp\/v2\/media?parent=7087"}],"wp:term":[{"taxonomy":"category","embeddable":true,"href":"https:\/\/wp.ufpel.edu.br\/ccso\/wp-json\/wp\/v2\/categories?post=7087"},{"taxonomy":"post_tag","embeddable":true,"href":"https:\/\/wp.ufpel.edu.br\/ccso\/wp-json\/wp\/v2\/tags?post=7087"}],"curies":[{"name":"wp","href":"https:\/\/api.w.org\/{rel}","templated":true}]}}