{"id":7077,"date":"2021-09-10T11:40:37","date_gmt":"2021-09-10T14:40:37","guid":{"rendered":"https:\/\/wp.ufpel.edu.br\/ccso\/?p=7077"},"modified":"2021-09-10T19:44:55","modified_gmt":"2021-09-10T22:44:55","slug":"abertas-as-inscricoes-para-o-cafe-com-a-direcao-virtual-edicao-de-setembro","status":"publish","type":"post","link":"https:\/\/wp.ufpel.edu.br\/ccso\/2021\/09\/10\/abertas-as-inscricoes-para-o-cafe-com-a-direcao-virtual-edicao-de-setembro\/","title":{"rendered":"Abertas as Inscri\u00e7\u00f5es para O Caf\u00e9 com a Dire\u00e7\u00e3o Virtual \u2013 Edi\u00e7\u00e3o de setembro"},"content":{"rendered":"<p style=\"text-align: justify\"><img loading=\"lazy\" decoding=\"async\" class=\"alignnone size-medium wp-image-7079\" src=\"https:\/\/wp.ufpel.edu.br\/ccso\/files\/2021\/09\/cartaz-principal-396x400.jpeg\" alt=\"\" width=\"396\" height=\"400\" srcset=\"https:\/\/wp.ufpel.edu.br\/ccso\/files\/2021\/09\/cartaz-principal-396x400.jpeg 396w, https:\/\/wp.ufpel.edu.br\/ccso\/files\/2021\/09\/cartaz-principal.jpeg 596w\" sizes=\"auto, (max-width: 396px) 100vw, 396px\" \/>O projeto unificado de ensino Acolhida CCSO realizar\u00e1 no dia 17\/09 (sexta-feira), \u00e0s 16h, a terceira edi\u00e7\u00e3o de 2021 do Caf\u00e9 com a Dire\u00e7\u00e3o Virtual, com o tema \u201cConversando sobre Acessibilidade e Inclus\u00e3o no Centro de Ci\u00eancias Socio-Organizacionais\u201d.<\/p>\n<p style=\"text-align: justify\">Os convidados desta edi\u00e7\u00e3o s\u00e3o: a equipe do Programa de Apoio \u00e0 Inclus\u00e3o Qualificada de Acad\u00eamicos com Defici\u00eancia, Transtorno do Espectro do Autismo e com Altas Habilidades ou Superdota\u00e7\u00e3o, Susane Barreto Anadon (coordenadora) e a tutora Daniele Guerreiro da Rosa (aluna do curso de Bacharelado em Turismo); Flavia Braga de Azambuja, Professora do CCSO, coordenadora do projeto de pesquisa &#8220;A Influ\u00eancia do uso de recursos de acessibilidade e tecnologias assistivas no acesso, perman\u00eancia de PCD no ensino Superior&#8221;, realizado entre os anos de 2019 a 2021; Gustavo Borschardt Klug (aluno do Curso de Bacharelado em Administra\u00e7\u00e3o); Joabe Pereira Costa (aluno do Curso de Bacharelado em Administra\u00e7\u00e3o); Joel Souza de Souza (egresso do Curso Superior de Tecnologia em Gest\u00e3o P\u00fablica e aluno da Especializa\u00e7\u00e3o em Gest\u00e3o P\u00fablica e Desenvolvimento Regional); e Leonardo Karini Leitzke (aluno do Curso de Bacharelado em Administra\u00e7\u00e3o).<\/p>\n<p style=\"text-align: justify\">A media\u00e7\u00e3o ser\u00e1 realizada pela professora Isabel Cristina Rosa Barros Rasia, Diretora do Centro de Ci\u00eancias Socio-Organizacionais.<\/p>\n<p style=\"text-align: justify\">As inscri\u00e7\u00f5es para o evento est\u00e3o abertas at\u00e9 15\/09 (quarta-feira), pelo link: <a href=\"https:\/\/forms.gle\/YcZv8FLe41pNiohS6\">https:\/\/forms.gle\/YcZv8FLe41pNiohS6<\/a><\/p>\n<p style=\"text-align: justify\">O Caf\u00e9 com a Dire\u00e7\u00e3o virtual \u00e9 aberto para alunos de gradua\u00e7\u00e3o e p\u00f3s-gradua\u00e7\u00e3o do CCSO e servidores docentes e t\u00e9cnico-administrativos da unidade.<\/p>\n<p style=\"text-align: justify\">O evento ser\u00e1 realizado na plataforma WebConf-UFPel, tem dura\u00e7\u00e3o prevista de 2 horas e ser\u00e1 acess\u00edvel em Libras. Participe!!!<\/p>\n","protected":false},"excerpt":{"rendered":"<p>O projeto unificado de ensino Acolhida CCSO realizar\u00e1 no dia 17\/09 (sexta-feira), \u00e0s 16h, a terceira edi\u00e7\u00e3o de 2021 do Caf\u00e9 com a Dire\u00e7\u00e3o Virtual, com o tema \u201cConversando sobre Acessibilidade e Inclus\u00e3o no Centro de Ci\u00eancias Socio-Organizacionais\u201d. Os convidados desta edi\u00e7\u00e3o s\u00e3o: a equipe do Programa de Apoio \u00e0 Inclus\u00e3o Qualificada de Acad\u00eamicos com &hellip; <\/p>\n<p><a class=\"more-link btn\" href=\"https:\/\/wp.ufpel.edu.br\/ccso\/2021\/09\/10\/abertas-as-inscricoes-para-o-cafe-com-a-direcao-virtual-edicao-de-setembro\/\">Continue lendo<\/a><\/p>\n","protected":false},"author":1120,"featured_media":0,"comment_status":"closed","ping_status":"closed","sticky":false,"template":"","format":"standard","meta":{"footnotes":""},"categories":[1],"tags":[],"class_list":["post-7077","post","type-post","status-publish","format-standard","hentry","category-noticias","item-wrap"],"jetpack_featured_media_url":"","_links":{"self":[{"href":"https:\/\/wp.ufpel.edu.br\/ccso\/wp-json\/wp\/v2\/posts\/7077","targetHints":{"allow":["GET"]}}],"collection":[{"href":"https:\/\/wp.ufpel.edu.br\/ccso\/wp-json\/wp\/v2\/posts"}],"about":[{"href":"https:\/\/wp.ufpel.edu.br\/ccso\/wp-json\/wp\/v2\/types\/post"}],"author":[{"embeddable":true,"href":"https:\/\/wp.ufpel.edu.br\/ccso\/wp-json\/wp\/v2\/users\/1120"}],"replies":[{"embeddable":true,"href":"https:\/\/wp.ufpel.edu.br\/ccso\/wp-json\/wp\/v2\/comments?post=7077"}],"version-history":[{"count":7,"href":"https:\/\/wp.ufpel.edu.br\/ccso\/wp-json\/wp\/v2\/posts\/7077\/revisions"}],"predecessor-version":[{"id":7086,"href":"https:\/\/wp.ufpel.edu.br\/ccso\/wp-json\/wp\/v2\/posts\/7077\/revisions\/7086"}],"wp:attachment":[{"href":"https:\/\/wp.ufpel.edu.br\/ccso\/wp-json\/wp\/v2\/media?parent=7077"}],"wp:term":[{"taxonomy":"category","embeddable":true,"href":"https:\/\/wp.ufpel.edu.br\/ccso\/wp-json\/wp\/v2\/categories?post=7077"},{"taxonomy":"post_tag","embeddable":true,"href":"https:\/\/wp.ufpel.edu.br\/ccso\/wp-json\/wp\/v2\/tags?post=7077"}],"curies":[{"name":"wp","href":"https:\/\/api.w.org\/{rel}","templated":true}]}}