{"id":7068,"date":"2021-09-01T19:01:07","date_gmt":"2021-09-01T22:01:07","guid":{"rendered":"https:\/\/wp.ufpel.edu.br\/ccso\/?p=7068"},"modified":"2021-09-01T19:13:08","modified_gmt":"2021-09-01T22:13:08","slug":"professores-do-ccso-participam-de-formacao-para-gestores-da-ufpel","status":"publish","type":"post","link":"https:\/\/wp.ufpel.edu.br\/ccso\/2021\/09\/01\/professores-do-ccso-participam-de-formacao-para-gestores-da-ufpel\/","title":{"rendered":"Professores do CCSO participam de Forma\u00e7\u00e3o para Gestores da UFPel"},"content":{"rendered":"<div dir=\"auto\" style=\"text-align: justify\"><img loading=\"lazy\" decoding=\"async\" class=\"alignnone size-medium wp-image-7070\" src=\"https:\/\/wp.ufpel.edu.br\/ccso\/files\/2021\/09\/Formacao-de-Gestores-1-400x225.png\" alt=\"\" width=\"400\" height=\"225\" srcset=\"https:\/\/wp.ufpel.edu.br\/ccso\/files\/2021\/09\/Formacao-de-Gestores-1-400x225.png 400w, https:\/\/wp.ufpel.edu.br\/ccso\/files\/2021\/09\/Formacao-de-Gestores-1.png 579w\" sizes=\"auto, (max-width: 400px) 100vw, 400px\" \/>Cerca de 50 gestores\/as de unidades administrativas da UFPel, detentores de cargos de dire\u00e7\u00e3o, participam de forma\u00e7\u00e3o on line na \u00e1rea de gerenciamento at\u00e9 dezembro desse ano. Ser\u00e3o 120 horas distribu\u00eddas em m\u00f3dulos, utilizando a plataforma e-projeto, semelhante ao e-aula, usado no ensino de gradua\u00e7\u00e3o\/p\u00f3s-gradua\u00e7\u00e3o para atividades s\u00edncronas e ass\u00edncronas. Segundo a professora Profa. Simone Mello, a experi\u00eancia de integrar a Comiss\u00e3o Especial com a finalidade de planejar e executar Curso de Forma\u00e7\u00e3o para Gestores da UFPel tem sido gratificante, pois \u00e9 poss\u00edvel ver a execu\u00e7\u00e3o do que foi planejado desde o in\u00edcio do ano. A professora complementa: &#8220;Integro uma equipe com mais 4 servidores e tem sido \u00f3timo, pois cada um\/uma tem sempre o que contribuir para a forma\u00e7\u00e3o&#8221;.<\/div>\n<div dir=\"auto\"><img loading=\"lazy\" decoding=\"async\" class=\"alignnone size-medium wp-image-7071\" src=\"https:\/\/wp.ufpel.edu.br\/ccso\/files\/2021\/09\/Formacao-de-Gestores-2-320x400.png\" alt=\"\" width=\"320\" height=\"400\" srcset=\"https:\/\/wp.ufpel.edu.br\/ccso\/files\/2021\/09\/Formacao-de-Gestores-2-320x400.png 320w, https:\/\/wp.ufpel.edu.br\/ccso\/files\/2021\/09\/Formacao-de-Gestores-2.png 512w\" sizes=\"auto, (max-width: 320px) 100vw, 320px\" \/><\/div>\n<div dir=\"auto\" style=\"text-align: justify\">O Professor\u00a0 M\u00e1rcio Barcelos participa da capacita\u00e7\u00e3o como ministrante do primeiro m\u00f3dulo \u201cGest\u00e3o de Pol\u00edticas P\u00fablicas\/Institucionais\u201d. Este m\u00f3dulo abordou temas relacionados \u00e0 an\u00e1lise de pol\u00edticas p\u00fablicas, processos de constru\u00e7\u00e3o de temas e quest\u00f5es p\u00fablicas, bem como sua implementa\u00e7\u00e3o. O foco central foi nas abordagens sobre processos de pol\u00edticas p\u00fablicas e a possibilidade de utilizar estas ferramentas no \u00e2mbito organizacional, a partir de uma perspectiva tecnopol\u00edtica. M\u00e1rcio destaca que foi bastante desafiador trabalhar com gestores que est\u00e3o \u00e0 frente de complexos processos de formula\u00e7\u00e3o e implementa\u00e7\u00e3o de pol\u00edticas institucionais na UFPel, al\u00e9m do fato, conforme aponta o professor, &#8220;dos gestores e gestoras da universidade atuarem em dois n\u00edveis extremamente complexos e que se cruzam: um na implementa\u00e7\u00e3o das pol\u00edticas p\u00fablicas nacionais para Educa\u00e7\u00e3o Superior, e outro na formula\u00e7\u00e3o e implementa\u00e7\u00e3o de pol\u00edticas, a\u00e7\u00f5es e programas dentro da Universidade Federal de Pelotas, considerando seu tamanho, a multiplicidade de agentes envolvidos e seu papel no desenvolvimento de Pelotas e da regi\u00e3o.&#8221;<\/div>\n","protected":false},"excerpt":{"rendered":"<p>Cerca de 50 gestores\/as de unidades administrativas da UFPel, detentores de cargos de dire\u00e7\u00e3o, participam de forma\u00e7\u00e3o on line na \u00e1rea de gerenciamento at\u00e9 dezembro desse ano. Ser\u00e3o 120 horas distribu\u00eddas em m\u00f3dulos, utilizando a plataforma e-projeto, semelhante ao e-aula, usado no ensino de gradua\u00e7\u00e3o\/p\u00f3s-gradua\u00e7\u00e3o para atividades s\u00edncronas e ass\u00edncronas. Segundo a professora Profa. Simone &hellip; <\/p>\n<p><a class=\"more-link btn\" href=\"https:\/\/wp.ufpel.edu.br\/ccso\/2021\/09\/01\/professores-do-ccso-participam-de-formacao-para-gestores-da-ufpel\/\">Continue lendo<\/a><\/p>\n","protected":false},"author":1120,"featured_media":0,"comment_status":"closed","ping_status":"closed","sticky":false,"template":"","format":"standard","meta":{"footnotes":""},"categories":[1],"tags":[],"class_list":["post-7068","post","type-post","status-publish","format-standard","hentry","category-noticias","item-wrap"],"jetpack_featured_media_url":"","_links":{"self":[{"href":"https:\/\/wp.ufpel.edu.br\/ccso\/wp-json\/wp\/v2\/posts\/7068","targetHints":{"allow":["GET"]}}],"collection":[{"href":"https:\/\/wp.ufpel.edu.br\/ccso\/wp-json\/wp\/v2\/posts"}],"about":[{"href":"https:\/\/wp.ufpel.edu.br\/ccso\/wp-json\/wp\/v2\/types\/post"}],"author":[{"embeddable":true,"href":"https:\/\/wp.ufpel.edu.br\/ccso\/wp-json\/wp\/v2\/users\/1120"}],"replies":[{"embeddable":true,"href":"https:\/\/wp.ufpel.edu.br\/ccso\/wp-json\/wp\/v2\/comments?post=7068"}],"version-history":[{"count":4,"href":"https:\/\/wp.ufpel.edu.br\/ccso\/wp-json\/wp\/v2\/posts\/7068\/revisions"}],"predecessor-version":[{"id":7075,"href":"https:\/\/wp.ufpel.edu.br\/ccso\/wp-json\/wp\/v2\/posts\/7068\/revisions\/7075"}],"wp:attachment":[{"href":"https:\/\/wp.ufpel.edu.br\/ccso\/wp-json\/wp\/v2\/media?parent=7068"}],"wp:term":[{"taxonomy":"category","embeddable":true,"href":"https:\/\/wp.ufpel.edu.br\/ccso\/wp-json\/wp\/v2\/categories?post=7068"},{"taxonomy":"post_tag","embeddable":true,"href":"https:\/\/wp.ufpel.edu.br\/ccso\/wp-json\/wp\/v2\/tags?post=7068"}],"curies":[{"name":"wp","href":"https:\/\/api.w.org\/{rel}","templated":true}]}}