{"id":7064,"date":"2021-08-30T18:03:18","date_gmt":"2021-08-30T21:03:18","guid":{"rendered":"https:\/\/wp.ufpel.edu.br\/ccso\/?p=7064"},"modified":"2021-08-30T18:03:18","modified_gmt":"2021-08-30T21:03:18","slug":"conexao-ccso-realizara-live-em-homenagem-ao-dia-do-administrador","status":"publish","type":"post","link":"https:\/\/wp.ufpel.edu.br\/ccso\/2021\/08\/30\/conexao-ccso-realizara-live-em-homenagem-ao-dia-do-administrador\/","title":{"rendered":"Conex\u00e3o CCSO Realizar\u00e1 live em homenagem ao Dia do Administrador"},"content":{"rendered":"<p style=\"text-align: justify\"><img loading=\"lazy\" decoding=\"async\" class=\"alignnone size-medium wp-image-7066\" src=\"https:\/\/wp.ufpel.edu.br\/ccso\/files\/2021\/08\/Cartaz-Principal-400x400.jpeg\" alt=\"\" width=\"400\" height=\"400\" srcset=\"https:\/\/wp.ufpel.edu.br\/ccso\/files\/2021\/08\/Cartaz-Principal-400x400.jpeg 400w, https:\/\/wp.ufpel.edu.br\/ccso\/files\/2021\/08\/Cartaz-Principal-1024x1024.jpeg 1024w, https:\/\/wp.ufpel.edu.br\/ccso\/files\/2021\/08\/Cartaz-Principal-200x200.jpeg 200w, https:\/\/wp.ufpel.edu.br\/ccso\/files\/2021\/08\/Cartaz-Principal-768x768.jpeg 768w, https:\/\/wp.ufpel.edu.br\/ccso\/files\/2021\/08\/Cartaz-Principal.jpeg 1280w\" sizes=\"auto, (max-width: 400px) 100vw, 400px\" \/>A a\u00e7\u00e3o Conex\u00e3o CCSO realizar\u00e1 no dia 09 de setembro (quinta-feira), \u00e0s 19h, a terceira edi\u00e7\u00e3o de 2021, com o tema: O Administrador e Suas Possibilidades de Carreira. O evento ser\u00e1 transmitido pelo canal CCSO-UFPEL, acesso direto pelo link: www.youtube.com\/watch?v=eD0MV5kl07c<\/p>\n<p style=\"text-align: justify\">A live \u00e9 uma homenagem ao Dia do Administrador e pretende discutir as possibilidades de carreira e as diversas \u00e1reas de atua\u00e7\u00e3o dos Administradores, por meio de quatro relatos de experi\u00eancia. Os convidados s\u00e3o: Jo\u00e3o Alberto Gon\u00e7alves, Conselheiro Estadual Titular e Vice-Presidente de Rela\u00e7\u00f5es Institucionais do Conselho Regional de Administra\u00e7\u00e3o do Rio Grande do Sul; Henrique Mantovani Baldasso, Analista Financeiro no Nubank; Andr\u00e9 Mariano, assessor do Governador do Rio Grande do Sul; Flavio Ferreira, Secret\u00e1rio de Gest\u00e3o da Cidade e Mobilidade Urbana, em Pelotas. A media\u00e7\u00e3o da mesa ser\u00e1 realizada pela Profa. Dra. Isabel Cristina Rosa Barros Rasia, Diretora do Centro de Ci\u00eancias Socio-Organizacionais \u2013 CCSO.<\/p>\n<p style=\"text-align: justify\">A live tem dura\u00e7\u00e3o prevista de 2h e ser\u00e1 acess\u00edvel em Libras.<\/p>\n<p style=\"text-align: justify\">Durante o evento ser\u00e1 disponibilizada lista de presen\u00e7a para posterior certifica\u00e7\u00e3o dos participantes.<\/p>\n","protected":false},"excerpt":{"rendered":"<p>A a\u00e7\u00e3o Conex\u00e3o CCSO realizar\u00e1 no dia 09 de setembro (quinta-feira), \u00e0s 19h, a terceira edi\u00e7\u00e3o de 2021, com o tema: O Administrador e Suas Possibilidades de Carreira. O evento ser\u00e1 transmitido pelo canal CCSO-UFPEL, acesso direto pelo link: www.youtube.com\/watch?v=eD0MV5kl07c A live \u00e9 uma homenagem ao Dia do Administrador e pretende discutir as possibilidades de &hellip; <\/p>\n<p><a class=\"more-link btn\" href=\"https:\/\/wp.ufpel.edu.br\/ccso\/2021\/08\/30\/conexao-ccso-realizara-live-em-homenagem-ao-dia-do-administrador\/\">Continue lendo<\/a><\/p>\n","protected":false},"author":1120,"featured_media":0,"comment_status":"closed","ping_status":"closed","sticky":false,"template":"","format":"standard","meta":{"footnotes":""},"categories":[1],"tags":[],"class_list":["post-7064","post","type-post","status-publish","format-standard","hentry","category-noticias","item-wrap"],"jetpack_featured_media_url":"","_links":{"self":[{"href":"https:\/\/wp.ufpel.edu.br\/ccso\/wp-json\/wp\/v2\/posts\/7064","targetHints":{"allow":["GET"]}}],"collection":[{"href":"https:\/\/wp.ufpel.edu.br\/ccso\/wp-json\/wp\/v2\/posts"}],"about":[{"href":"https:\/\/wp.ufpel.edu.br\/ccso\/wp-json\/wp\/v2\/types\/post"}],"author":[{"embeddable":true,"href":"https:\/\/wp.ufpel.edu.br\/ccso\/wp-json\/wp\/v2\/users\/1120"}],"replies":[{"embeddable":true,"href":"https:\/\/wp.ufpel.edu.br\/ccso\/wp-json\/wp\/v2\/comments?post=7064"}],"version-history":[{"count":1,"href":"https:\/\/wp.ufpel.edu.br\/ccso\/wp-json\/wp\/v2\/posts\/7064\/revisions"}],"predecessor-version":[{"id":7067,"href":"https:\/\/wp.ufpel.edu.br\/ccso\/wp-json\/wp\/v2\/posts\/7064\/revisions\/7067"}],"wp:attachment":[{"href":"https:\/\/wp.ufpel.edu.br\/ccso\/wp-json\/wp\/v2\/media?parent=7064"}],"wp:term":[{"taxonomy":"category","embeddable":true,"href":"https:\/\/wp.ufpel.edu.br\/ccso\/wp-json\/wp\/v2\/categories?post=7064"},{"taxonomy":"post_tag","embeddable":true,"href":"https:\/\/wp.ufpel.edu.br\/ccso\/wp-json\/wp\/v2\/tags?post=7064"}],"curies":[{"name":"wp","href":"https:\/\/api.w.org\/{rel}","templated":true}]}}