{"id":7059,"date":"2021-08-17T13:48:00","date_gmt":"2021-08-17T16:48:00","guid":{"rendered":"https:\/\/wp.ufpel.edu.br\/ccso\/?p=7059"},"modified":"2021-08-17T13:48:00","modified_gmt":"2021-08-17T16:48:00","slug":"projeto-cafe-com-turismo-aborda-trajetoria-e-experiencias-do-setor-de-agencia-de-viagens","status":"publish","type":"post","link":"https:\/\/wp.ufpel.edu.br\/ccso\/2021\/08\/17\/projeto-cafe-com-turismo-aborda-trajetoria-e-experiencias-do-setor-de-agencia-de-viagens\/","title":{"rendered":"Projeto Caf\u00e9 com Turismo aborda trajet\u00f3ria e experi\u00eancias do setor de ag\u00eancia de viagens"},"content":{"rendered":"<p style=\"text-align: justify\"><img loading=\"lazy\" decoding=\"async\" class=\"alignnone size-medium wp-image-7061\" src=\"https:\/\/wp.ufpel.edu.br\/ccso\/files\/2021\/08\/Divulgacao-Cafe-edicao-Agosto-335x400.jpg\" alt=\"\" width=\"335\" height=\"400\" srcset=\"https:\/\/wp.ufpel.edu.br\/ccso\/files\/2021\/08\/Divulgacao-Cafe-edicao-Agosto-335x400.jpg 335w, https:\/\/wp.ufpel.edu.br\/ccso\/files\/2021\/08\/Divulgacao-Cafe-edicao-Agosto-768x916.jpg 768w, https:\/\/wp.ufpel.edu.br\/ccso\/files\/2021\/08\/Divulgacao-Cafe-edicao-Agosto.jpg 788w\" sizes=\"auto, (max-width: 335px) 100vw, 335px\" \/>O Curso de Turismo realizar\u00e1 na pr\u00f3xima semana (quarta, 25\/08) a primeira edi\u00e7\u00e3o do segundo semestre de 2021 do evento Caf\u00e9 com Turismo. O projeto tem como objetivo oportunizar a troca de experi\u00eancias entre profissionais de Turismo, discentes, egressos, estudantes de outros cursos e institui\u00e7\u00f5es e a comunidade em geral. O evento \u00e9 gratuito e aberto ao p\u00fablico.<\/p>\n<p style=\"text-align: justify\">A edi\u00e7\u00e3o do m\u00eas de agosto ter\u00e1 como tema &#8220;Trajet\u00f3ria e Experi\u00eancias no setor de Ag\u00eancia de Viagens&#8221;, com a Turism\u00f3loga Lara Blessmann, ocorrendo no dia 25\/08 \u00e0s 17h na plataforma WebConf-UFPel.<\/p>\n<p style=\"text-align: justify\">As\u00a0inscri\u00e7\u00f5es s\u00e3o limitadas e podem ser realizadas no seguinte link:\u00a0<a href=\"https:\/\/forms.gle\/JsPZRgPcyMKpvDqG7\" target=\"_blank\" rel=\"noopener noreferrer\" data-saferedirecturl=\"https:\/\/www.google.com\/url?q=https:\/\/forms.gle\/JsPZRgPcyMKpvDqG7&amp;source=gmail&amp;ust=1629304976203000&amp;usg=AFQjCNGx97s9P66_2LZtUlJR23yIiPJLLA\">https:\/\/forms.gle\/JsPZRgPcyMKpvDqG7<\/a><\/p>\n<div>\n<div>\n<div style=\"text-align: justify\"><\/div>\n<div style=\"text-align: justify\"><\/div>\n<div style=\"text-align: justify\">Para mais informa\u00e7\u00f5es acesse:<\/p>\n<\/div>\n<div style=\"text-align: justify\">Instagram:\u00a0<a href=\"https:\/\/www.instagram.com\/ufpel.cafecomturismo\/\" target=\"_blank\" rel=\"noopener noreferrer\" data-saferedirecturl=\"https:\/\/www.google.com\/url?q=https:\/\/www.instagram.com\/ufpel.cafecomturismo\/&amp;source=gmail&amp;ust=1629304976203000&amp;usg=AFQjCNHfKmhemMcB6H1yYulJtlSl8qaqnQ\">https:\/\/www.instagram.com\/ufpel.cafecomturismo\/<\/a><\/div>\n<div style=\"text-align: justify\">P\u00e1gina do projeto no Facebook:\u00a0<a href=\"https:\/\/www.facebook.com\/ufpel.cafecomturismo\" target=\"_blank\" rel=\"noopener noreferrer\" data-saferedirecturl=\"https:\/\/www.google.com\/url?q=https:\/\/www.facebook.com\/ufpel.cafecomturismo&amp;source=gmail&amp;ust=1629304976203000&amp;usg=AFQjCNHfp4BJPhxm1A7geIani113u6ZvyA\">https:\/\/www.facebook.com\/ufpel.cafecomturismo<\/a><\/div>\n<\/div>\n<\/div>\n","protected":false},"excerpt":{"rendered":"<p>O Curso de Turismo realizar\u00e1 na pr\u00f3xima semana (quarta, 25\/08) a primeira edi\u00e7\u00e3o do segundo semestre de 2021 do evento Caf\u00e9 com Turismo. O projeto tem como objetivo oportunizar a troca de experi\u00eancias entre profissionais de Turismo, discentes, egressos, estudantes de outros cursos e institui\u00e7\u00f5es e a comunidade em geral. O evento \u00e9 gratuito e &hellip; <\/p>\n<p><a class=\"more-link btn\" href=\"https:\/\/wp.ufpel.edu.br\/ccso\/2021\/08\/17\/projeto-cafe-com-turismo-aborda-trajetoria-e-experiencias-do-setor-de-agencia-de-viagens\/\">Continue lendo<\/a><\/p>\n","protected":false},"author":1120,"featured_media":0,"comment_status":"closed","ping_status":"closed","sticky":false,"template":"","format":"standard","meta":{"footnotes":""},"categories":[1],"tags":[],"class_list":["post-7059","post","type-post","status-publish","format-standard","hentry","category-noticias","item-wrap"],"jetpack_featured_media_url":"","_links":{"self":[{"href":"https:\/\/wp.ufpel.edu.br\/ccso\/wp-json\/wp\/v2\/posts\/7059","targetHints":{"allow":["GET"]}}],"collection":[{"href":"https:\/\/wp.ufpel.edu.br\/ccso\/wp-json\/wp\/v2\/posts"}],"about":[{"href":"https:\/\/wp.ufpel.edu.br\/ccso\/wp-json\/wp\/v2\/types\/post"}],"author":[{"embeddable":true,"href":"https:\/\/wp.ufpel.edu.br\/ccso\/wp-json\/wp\/v2\/users\/1120"}],"replies":[{"embeddable":true,"href":"https:\/\/wp.ufpel.edu.br\/ccso\/wp-json\/wp\/v2\/comments?post=7059"}],"version-history":[{"count":1,"href":"https:\/\/wp.ufpel.edu.br\/ccso\/wp-json\/wp\/v2\/posts\/7059\/revisions"}],"predecessor-version":[{"id":7062,"href":"https:\/\/wp.ufpel.edu.br\/ccso\/wp-json\/wp\/v2\/posts\/7059\/revisions\/7062"}],"wp:attachment":[{"href":"https:\/\/wp.ufpel.edu.br\/ccso\/wp-json\/wp\/v2\/media?parent=7059"}],"wp:term":[{"taxonomy":"category","embeddable":true,"href":"https:\/\/wp.ufpel.edu.br\/ccso\/wp-json\/wp\/v2\/categories?post=7059"},{"taxonomy":"post_tag","embeddable":true,"href":"https:\/\/wp.ufpel.edu.br\/ccso\/wp-json\/wp\/v2\/tags?post=7059"}],"curies":[{"name":"wp","href":"https:\/\/api.w.org\/{rel}","templated":true}]}}