{"id":7034,"date":"2021-08-11T10:39:37","date_gmt":"2021-08-11T13:39:37","guid":{"rendered":"https:\/\/wp.ufpel.edu.br\/ccso\/?p=7034"},"modified":"2021-08-11T11:02:13","modified_gmt":"2021-08-11T14:02:13","slug":"aberto-edital-de-monitoria-para-as-disciplinas-de-instituicoes-de-direito-publico-e-privado-e-direito-publico-e-legislacao","status":"publish","type":"post","link":"https:\/\/wp.ufpel.edu.br\/ccso\/2021\/08\/11\/aberto-edital-de-monitoria-para-as-disciplinas-de-instituicoes-de-direito-publico-e-privado-e-direito-publico-e-legislacao\/","title":{"rendered":"Aberto Edital de Monitoria para as disciplinas de &#8220;Institui\u00e7\u00f5es de Direito P\u00fablico e Privado&#8221; e &#8220;Direito P\u00fablico e Legisla\u00e7\u00e3o&#8221;"},"content":{"rendered":"<p style=\"font-weight: 400;text-align: justify\">O Centro de Ci\u00eancias Socio-Organizacionais divulga que est\u00e3o abertas inscri\u00e7\u00f5es para sele\u00e7\u00e3o de 01 Bolsista de Monitoria Remunerada para as disciplinas de &#8220;<strong>Institui\u00e7\u00f5es de Direito P\u00fablico e Privado<\/strong>&#8221; (Curso de Administra\u00e7\u00e3o) e &#8220;<strong>Direito P\u00fablico e Legisla\u00e7\u00e3o<\/strong>&#8221; (Gest\u00e3o P\u00fablica), ministradas pelo Prof. Dr. Daniel Lena Marchiori Neto, conforme abaixo:<\/p>\n<p style=\"font-weight: 400\">Torno p\u00fablico a abertura de inscri\u00e7\u00f5es para sele\u00e7\u00e3o de 01 Bolsista de Monitoria Remunerada para as disciplinas de &#8220;<strong>Institui\u00e7\u00f5es de Direito P\u00fablico e Privado<\/strong>&#8221; (Curso de Administra\u00e7\u00e3o) e &#8220;<strong>Direito P\u00fablico e Legisla\u00e7\u00e3o<\/strong>&#8221; (Gest\u00e3o P\u00fablica).<\/p>\n<ol>\n<li style=\"font-weight: 400\">Per\u00edodo de inscri\u00e7\u00e3o: 11 a 15 de agosto de 2021.<\/li>\n<\/ol>\n<p style=\"font-weight: 400\">\n<ol start=\"2\">\n<li style=\"font-weight: 400\">Forma: enviar mensagem para o endere\u00e7o\u00a0<a href=\"mailto:danielmarchiorineto@gmail.com\">danielmarchiorineto@gmail.com<\/a>, com as seguintes informa\u00e7\u00f5es:<\/li>\n<\/ol>\n<p style=\"font-weight: 400\">\u00a0\u00a0\u00a0\u00a0\u00a0\u00a0\u00a0\u00a0\u00a0\u00a0\u00a0\u00a0&#8211; Assunto: Bolsa<\/p>\n<p style=\"font-weight: 400\">\u00a0\u00a0\u00a0\u00a0\u00a0\u00a0\u00a0\u00a0\u00a0\u00a0\u00a0\u00a0&#8211; Corpo do e-mail: Carta de Inten\u00e7\u00e3o \u00a0destacando a motiva\u00e7\u00e3o para participar da monitoria, experi\u00eancia acad\u00eamica e expertise no Direito P\u00fablico e Privado<\/p>\n<p style=\"font-weight: 400\">\u00a0 \u00a0 \u00a0 \u00a0 \u00a0 \u00a0 \u00a0&#8211; Anexo: hist\u00f3rico escolar<\/p>\n<p style=\"font-weight: 400\">\n<ol start=\"3\">\n<li style=\"font-weight: 400\">Requisitos necess\u00e1rios:<\/li>\n<\/ol>\n<p style=\"font-weight: 400\">\u00a0\u00a0\u00a0\u00a0\u00a0\u00a0\u00a0\u00a0\u00a0\u00a0\u00a0\u00a0&#8211; Ser acad\u00eamico do Curso de Direito (estando matriculado, pelo menos, no terceiro ano do curso)<\/p>\n<p style=\"font-weight: 400\">\u00a0 \u00a0 \u00a0 \u00a0 \u00a0 \u00a0 &#8211; Ser acad\u00eamico de qualquer curso de gradua\u00e7\u00e3o da UFPel desde que portador do T\u00edtulo de Bacharel em Direito.<\/p>\n<p style=\"font-weight: 400\">\u00a0 \u00a0 \u00a0 \u00a0 \u00a0 \u00a0 &#8211; Ter CPF regularizado<\/p>\n<p style=\"font-weight: 400\">\u00a0\u00a0\u00a0\u00a0\u00a0\u00a0\u00a0\u00a0\u00a0\u00a0\u00a0\u00a0&#8211; N\u00e3o acumular bolsa de qualquer natureza<\/p>\n<p style=\"font-weight: 400\">\n<ol start=\"4\">\n<li style=\"font-weight: 400\">Requisitos desej\u00e1veis:<\/li>\n<\/ol>\n<p style=\"font-weight: 400\">\u00a0\u00a0\u00a0\u00a0\u00a0\u00a0\u00a0\u00a0\u00a0\u00a0\u00a0\u00a0&#8211; Conhecimento de Direito Civil<\/p>\n<p style=\"font-weight: 400\">\u00a0 \u00a0 \u00a0 \u00a0 \u00a0 \u00a0 &#8211; Conhecimento de Direito Administrativo<\/p>\n<ol start=\"5\">\n<li style=\"font-weight: 400\">Principais tarefas do monitor:<\/li>\n<\/ol>\n<p style=\"font-weight: 400\">\u00a0 \u00a0 \u00a0 \u00a0 \u00a0 \u00a0 \u00a0&#8211; Acompanhar estudantes com dificuldades para compreens\u00e3o do conte\u00fado<\/p>\n<p style=\"font-weight: 400\">\u00a0 \u00a0 \u00a0 \u00a0 \u00a0 \u00a0 \u00a0&#8211; Auxiliar o professor na elabora\u00e7\u00e3o de material did\u00e1tico (Power Point)\u00a0e banco de exerc\u00edcios para aprofundar o aprendizado dos alunos<\/p>\n<p style=\"font-weight: 400\">\n<ol start=\"6\">\n<li style=\"font-weight: 400\">Processo de sele\u00e7\u00e3o: Entrevista a ser realizada em ambiente virtual no dia 16 de agosto, 13h30min, para alunos selecionados a partir do envio da Carta de Inten\u00e7\u00e3o.<\/li>\n<\/ol>\n<p style=\"font-weight: 400\">\n<ol start=\"6\">\n<li style=\"font-weight: 400\">Valor da bolsa: R$ 400,00 (quatrocentos reais) mensais.\u00a0Dura\u00e7\u00e3o: 20 de agosto a 20 de novembro.<\/li>\n<\/ol>\n<p style=\"font-weight: 400\">\n<ol start=\"8\">\n<li style=\"font-weight: 400\">Divulga\u00e7\u00e3o do resultado: a divulga\u00e7\u00e3o do aluno(a) contemplado(a) com bolsa ocorrer\u00e1 no dia 16\/08\/2021, por e-mail.<\/li>\n<\/ol>\n<p style=\"font-weight: 400\">\n<p style=\"font-weight: 400\">Prof. Dr. Daniel Lena Marchiori Neto.<\/p>\n","protected":false},"excerpt":{"rendered":"<p>O Centro de Ci\u00eancias Socio-Organizacionais divulga que est\u00e3o abertas inscri\u00e7\u00f5es para sele\u00e7\u00e3o de 01 Bolsista de Monitoria Remunerada para as disciplinas de &#8220;Institui\u00e7\u00f5es de Direito P\u00fablico e Privado&#8221; (Curso de Administra\u00e7\u00e3o) e &#8220;Direito P\u00fablico e Legisla\u00e7\u00e3o&#8221; (Gest\u00e3o P\u00fablica), ministradas pelo Prof. Dr. Daniel Lena Marchiori Neto, conforme abaixo: Torno p\u00fablico a abertura de inscri\u00e7\u00f5es para &hellip; <\/p>\n<p><a class=\"more-link btn\" href=\"https:\/\/wp.ufpel.edu.br\/ccso\/2021\/08\/11\/aberto-edital-de-monitoria-para-as-disciplinas-de-instituicoes-de-direito-publico-e-privado-e-direito-publico-e-legislacao\/\">Continue lendo<\/a><\/p>\n","protected":false},"author":1120,"featured_media":0,"comment_status":"closed","ping_status":"closed","sticky":false,"template":"","format":"standard","meta":{"footnotes":""},"categories":[1],"tags":[],"class_list":["post-7034","post","type-post","status-publish","format-standard","hentry","category-noticias","item-wrap"],"jetpack_featured_media_url":"","_links":{"self":[{"href":"https:\/\/wp.ufpel.edu.br\/ccso\/wp-json\/wp\/v2\/posts\/7034","targetHints":{"allow":["GET"]}}],"collection":[{"href":"https:\/\/wp.ufpel.edu.br\/ccso\/wp-json\/wp\/v2\/posts"}],"about":[{"href":"https:\/\/wp.ufpel.edu.br\/ccso\/wp-json\/wp\/v2\/types\/post"}],"author":[{"embeddable":true,"href":"https:\/\/wp.ufpel.edu.br\/ccso\/wp-json\/wp\/v2\/users\/1120"}],"replies":[{"embeddable":true,"href":"https:\/\/wp.ufpel.edu.br\/ccso\/wp-json\/wp\/v2\/comments?post=7034"}],"version-history":[{"count":8,"href":"https:\/\/wp.ufpel.edu.br\/ccso\/wp-json\/wp\/v2\/posts\/7034\/revisions"}],"predecessor-version":[{"id":7043,"href":"https:\/\/wp.ufpel.edu.br\/ccso\/wp-json\/wp\/v2\/posts\/7034\/revisions\/7043"}],"wp:attachment":[{"href":"https:\/\/wp.ufpel.edu.br\/ccso\/wp-json\/wp\/v2\/media?parent=7034"}],"wp:term":[{"taxonomy":"category","embeddable":true,"href":"https:\/\/wp.ufpel.edu.br\/ccso\/wp-json\/wp\/v2\/categories?post=7034"},{"taxonomy":"post_tag","embeddable":true,"href":"https:\/\/wp.ufpel.edu.br\/ccso\/wp-json\/wp\/v2\/tags?post=7034"}],"curies":[{"name":"wp","href":"https:\/\/api.w.org\/{rel}","templated":true}]}}