{"id":7015,"date":"2021-08-03T19:28:40","date_gmt":"2021-08-03T22:28:40","guid":{"rendered":"https:\/\/wp.ufpel.edu.br\/ccso\/?p=7015"},"modified":"2021-08-03T19:28:40","modified_gmt":"2021-08-03T22:28:40","slug":"ii-semana-integrada-de-acolhida-do-ccso","status":"publish","type":"post","link":"https:\/\/wp.ufpel.edu.br\/ccso\/2021\/08\/03\/ii-semana-integrada-de-acolhida-do-ccso\/","title":{"rendered":"II Semana Integrada de Acolhida do CCSO"},"content":{"rendered":"<p style=\"text-align: justify\"><img loading=\"lazy\" decoding=\"async\" class=\"alignnone size-full wp-image-7019\" src=\"https:\/\/wp.ufpel.edu.br\/ccso\/files\/2021\/08\/logo-acolhida.png\" alt=\"\" width=\"298\" height=\"258\" \/>Vem a\u00ed a II Semana Integrada de Acolhida do Centro de Ci\u00eancias Socio-Organizacionais. O evento ser\u00e1 realizado de 09 a 13 de agosto de 2021 pela plataforma WebConf da UFPel e pelo Canal CCSO-UFPEL no Youtube, conforme a programa\u00e7\u00e3o a seguir: <a href=\"https:\/\/wp.ufpel.edu.br\/ccso\/files\/2021\/08\/Programacao-Geral.pdf\">Programa\u00e7\u00e3o Geral<\/a><\/p>\n<p style=\"text-align: justify\">Nesta edi\u00e7\u00e3o, ser\u00e3o atendidos alunos dos 4 cursos de gradua\u00e7\u00e3o da unidade: Administra\u00e7\u00e3o, Gest\u00e3o P\u00fablica, Processos Gerenciais e Turismo. No primeiro dia, 09 de agosto, as atividades ser\u00e3o realizadas em 4 salas de webconferencia, uma para cada turma.\u00a0 A recep\u00e7\u00e3o aos alunos calouros dos cursos de Administra\u00e7\u00e3o e Gest\u00e3o P\u00fablica acontece \u00e0s 16h. J\u00e1 a recep\u00e7\u00e3o aos alunos calouros dos cursos de Processos Gerenciais e Turismo est\u00e1 marcada para \u00e0s 19h. Os links de acesso \u00e0s salas foram enviados via cobalto.<\/p>\n<p style=\"text-align: justify\">Nos demais dias, de ter\u00e7a a quinta, as palestras ser\u00e3o transmitidas ao vivo pelo Canal CCSO-UFPEL, das 16h \u00e0s 18h. Na sexta-feira, ultimo dia de evento, das 17h \u00e0s 18h.<\/p>\n<p style=\"text-align: justify\">A programa\u00e7\u00e3o da II Semana Integrada de Acolhida do CCSO conta com a participa\u00e7\u00e3o das coordena\u00e7\u00f5es de curso de gradua\u00e7\u00e3o, secretaria acad\u00eamica, alunos veteranos, Emad Jr., Atl\u00e9tica M\u00e1fia, Pr\u00f3-reitoria de Assuntos Estudantis, Coordena\u00e7\u00e3o de Registros Acad\u00eamicos, Coordena\u00e7\u00e3o de Diversidade e Inclus\u00e3o, N\u00facleo de Acessibilidade e Inclus\u00e3o, N\u00facleo de A\u00e7\u00f5es Afirmativas e Diversidade, N\u00facleo de G\u00eanero e Diversidade e Coordena\u00e7\u00e3o de Bibliotecas. Nesta edi\u00e7\u00e3o, as palestras ser\u00e3o mediadas por alunos volunt\u00e1rios do projeto Acolhida CCSO.<\/p>\n<p style=\"text-align: justify\">Como resultados, o projeto espera com essa a\u00e7\u00e3o auxiliar os ingressantes no processo de adapta\u00e7\u00e3o \u00e0 rotina acad\u00eamica da UFPel e promover momentos de integra\u00e7\u00e3o entre estudantes, docentes e TAES da Universidade.<\/p>\n<p style=\"text-align: justify\">Os alunos que tiverem d\u00favidas podem entrar em contato com a comiss\u00e3o organizadora do evento pelo e-mail: acolhida.fat@gmail.com<\/p>\n<p style=\"text-align: justify\">Siga as redes sociais do CCSO e acompanhe as informa\u00e7\u00f5es sobre o evento:<\/p>\n<p style=\"text-align: justify\">Facebook:\u00a0<a href=\"https:\/\/www.facebook.com\/CCSO.UFPEL\">https:\/\/www.facebook.com\/CCSO.UFPEL<\/a><br \/>\nInstagram:\u00a0<a href=\"https:\/\/www.instagram.com\/ccso.ufpel\/\">https:\/\/www.instagram.com\/ccso.ufpel\/<\/a><br \/>\nYoutube:\u00a0<a href=\"https:\/\/www.youtube.com\/channel\/UCYQU2jyiXMcUCBzsODQV4XQ\">https:\/\/www.youtube.com\/channel\/UCYQU2jyiXMcUCBzsODQV4XQ<\/a><\/p>\n","protected":false},"excerpt":{"rendered":"<p>Vem a\u00ed a II Semana Integrada de Acolhida do Centro de Ci\u00eancias Socio-Organizacionais. O evento ser\u00e1 realizado de 09 a 13 de agosto de 2021 pela plataforma WebConf da UFPel e pelo Canal CCSO-UFPEL no Youtube, conforme a programa\u00e7\u00e3o a seguir: Programa\u00e7\u00e3o Geral Nesta edi\u00e7\u00e3o, ser\u00e3o atendidos alunos dos 4 cursos de gradua\u00e7\u00e3o da unidade: &hellip; <\/p>\n<p><a class=\"more-link btn\" href=\"https:\/\/wp.ufpel.edu.br\/ccso\/2021\/08\/03\/ii-semana-integrada-de-acolhida-do-ccso\/\">Continue lendo<\/a><\/p>\n","protected":false},"author":1120,"featured_media":0,"comment_status":"closed","ping_status":"closed","sticky":false,"template":"","format":"standard","meta":{"footnotes":""},"categories":[1],"tags":[],"class_list":["post-7015","post","type-post","status-publish","format-standard","hentry","category-noticias","item-wrap"],"jetpack_featured_media_url":"","_links":{"self":[{"href":"https:\/\/wp.ufpel.edu.br\/ccso\/wp-json\/wp\/v2\/posts\/7015","targetHints":{"allow":["GET"]}}],"collection":[{"href":"https:\/\/wp.ufpel.edu.br\/ccso\/wp-json\/wp\/v2\/posts"}],"about":[{"href":"https:\/\/wp.ufpel.edu.br\/ccso\/wp-json\/wp\/v2\/types\/post"}],"author":[{"embeddable":true,"href":"https:\/\/wp.ufpel.edu.br\/ccso\/wp-json\/wp\/v2\/users\/1120"}],"replies":[{"embeddable":true,"href":"https:\/\/wp.ufpel.edu.br\/ccso\/wp-json\/wp\/v2\/comments?post=7015"}],"version-history":[{"count":7,"href":"https:\/\/wp.ufpel.edu.br\/ccso\/wp-json\/wp\/v2\/posts\/7015\/revisions"}],"predecessor-version":[{"id":7026,"href":"https:\/\/wp.ufpel.edu.br\/ccso\/wp-json\/wp\/v2\/posts\/7015\/revisions\/7026"}],"wp:attachment":[{"href":"https:\/\/wp.ufpel.edu.br\/ccso\/wp-json\/wp\/v2\/media?parent=7015"}],"wp:term":[{"taxonomy":"category","embeddable":true,"href":"https:\/\/wp.ufpel.edu.br\/ccso\/wp-json\/wp\/v2\/categories?post=7015"},{"taxonomy":"post_tag","embeddable":true,"href":"https:\/\/wp.ufpel.edu.br\/ccso\/wp-json\/wp\/v2\/tags?post=7015"}],"curies":[{"name":"wp","href":"https:\/\/api.w.org\/{rel}","templated":true}]}}