{"id":7006,"date":"2021-07-22T14:04:36","date_gmt":"2021-07-22T17:04:36","guid":{"rendered":"https:\/\/wp.ufpel.edu.br\/ccso\/?p=7006"},"modified":"2021-07-22T14:07:19","modified_gmt":"2021-07-22T17:07:19","slug":"iii-jornada-do-conhecimento-e-inovacao-no-contexto-da-cti-estadual-sc","status":"publish","type":"post","link":"https:\/\/wp.ufpel.edu.br\/ccso\/2021\/07\/22\/iii-jornada-do-conhecimento-e-inovacao-no-contexto-da-cti-estadual-sc\/","title":{"rendered":"III Jornada do Conhecimento e Inova\u00e7\u00e3o no contexto da CT&amp;I Estadual (SC)"},"content":{"rendered":"<p style=\"text-align: justify\">Est\u00e3o abertas as inscri\u00e7\u00f5es para a A III Jornada Conhecimento e Inova\u00e7\u00e3o no contexto da CT&amp;I Estadual (SC), agora de \u00e2mbito estadual, nacional e internacional. O evento ser\u00e1 realizado virtualmente entre os dias 23, 24 e 25 de agosto de 2021. Segundo os organizadores, o evento tem por objetivo expandir a discuss\u00e3o com Universidades, Organiza\u00e7\u00f5es, Institui\u00e7\u00f5es P\u00fablicas e Privadas e demais atores do ecossistema de inova\u00e7\u00e3o e tem como temas de debate Cidades Inteligentes, Ecossistemas Empreendedores, Sustentabilidade, Redes, Pesquisa Acad\u00eamica, Prote\u00e7\u00e3o da Propriedade Intelectual, Transforma\u00e7\u00e3o Digital e Integra\u00e7\u00e3o entre Universidade, Empresa &amp; Governo.<\/p>\n<p style=\"text-align: justify\">Para maiores informa\u00e7\u00f5es acesse: <a href=\"https:\/\/bit.ly\/3JornadaAcap\">https:\/\/bit.ly\/3JornadaAcap<\/a><\/p>\n<p><img loading=\"lazy\" decoding=\"async\" class=\"alignnone size-medium wp-image-7009\" src=\"https:\/\/wp.ufpel.edu.br\/ccso\/files\/2021\/07\/SAVE-THE-DATE_page-0001-283x400.jpg\" alt=\"\" width=\"283\" height=\"400\" srcset=\"https:\/\/wp.ufpel.edu.br\/ccso\/files\/2021\/07\/SAVE-THE-DATE_page-0001-283x400.jpg 283w, https:\/\/wp.ufpel.edu.br\/ccso\/files\/2021\/07\/SAVE-THE-DATE_page-0001-725x1024.jpg 725w, https:\/\/wp.ufpel.edu.br\/ccso\/files\/2021\/07\/SAVE-THE-DATE_page-0001-768x1085.jpg 768w, https:\/\/wp.ufpel.edu.br\/ccso\/files\/2021\/07\/SAVE-THE-DATE_page-0001-1087x1536.jpg 1087w, https:\/\/wp.ufpel.edu.br\/ccso\/files\/2021\/07\/SAVE-THE-DATE_page-0001.jpg 1241w\" sizes=\"auto, (max-width: 283px) 100vw, 283px\" \/><\/p>\n","protected":false},"excerpt":{"rendered":"<p>Est\u00e3o abertas as inscri\u00e7\u00f5es para a A III Jornada Conhecimento e Inova\u00e7\u00e3o no contexto da CT&amp;I Estadual (SC), agora de \u00e2mbito estadual, nacional e internacional. O evento ser\u00e1 realizado virtualmente entre os dias 23, 24 e 25 de agosto de 2021. Segundo os organizadores, o evento tem por objetivo expandir a discuss\u00e3o com Universidades, Organiza\u00e7\u00f5es, &hellip; <\/p>\n<p><a class=\"more-link btn\" href=\"https:\/\/wp.ufpel.edu.br\/ccso\/2021\/07\/22\/iii-jornada-do-conhecimento-e-inovacao-no-contexto-da-cti-estadual-sc\/\">Continue lendo<\/a><\/p>\n","protected":false},"author":1120,"featured_media":0,"comment_status":"closed","ping_status":"closed","sticky":false,"template":"","format":"standard","meta":{"footnotes":""},"categories":[1],"tags":[],"class_list":["post-7006","post","type-post","status-publish","format-standard","hentry","category-noticias","item-wrap"],"jetpack_featured_media_url":"","_links":{"self":[{"href":"https:\/\/wp.ufpel.edu.br\/ccso\/wp-json\/wp\/v2\/posts\/7006","targetHints":{"allow":["GET"]}}],"collection":[{"href":"https:\/\/wp.ufpel.edu.br\/ccso\/wp-json\/wp\/v2\/posts"}],"about":[{"href":"https:\/\/wp.ufpel.edu.br\/ccso\/wp-json\/wp\/v2\/types\/post"}],"author":[{"embeddable":true,"href":"https:\/\/wp.ufpel.edu.br\/ccso\/wp-json\/wp\/v2\/users\/1120"}],"replies":[{"embeddable":true,"href":"https:\/\/wp.ufpel.edu.br\/ccso\/wp-json\/wp\/v2\/comments?post=7006"}],"version-history":[{"count":3,"href":"https:\/\/wp.ufpel.edu.br\/ccso\/wp-json\/wp\/v2\/posts\/7006\/revisions"}],"predecessor-version":[{"id":7012,"href":"https:\/\/wp.ufpel.edu.br\/ccso\/wp-json\/wp\/v2\/posts\/7006\/revisions\/7012"}],"wp:attachment":[{"href":"https:\/\/wp.ufpel.edu.br\/ccso\/wp-json\/wp\/v2\/media?parent=7006"}],"wp:term":[{"taxonomy":"category","embeddable":true,"href":"https:\/\/wp.ufpel.edu.br\/ccso\/wp-json\/wp\/v2\/categories?post=7006"},{"taxonomy":"post_tag","embeddable":true,"href":"https:\/\/wp.ufpel.edu.br\/ccso\/wp-json\/wp\/v2\/tags?post=7006"}],"curies":[{"name":"wp","href":"https:\/\/api.w.org\/{rel}","templated":true}]}}