{"id":6999,"date":"2021-06-18T17:52:58","date_gmt":"2021-06-18T20:52:58","guid":{"rendered":"https:\/\/wp.ufpel.edu.br\/ccso\/?p=6999"},"modified":"2021-06-18T18:00:55","modified_gmt":"2021-06-18T21:00:55","slug":"aula-aberta-perspectivas-e-vivencias-na-gestao-de-projetos","status":"publish","type":"post","link":"https:\/\/wp.ufpel.edu.br\/ccso\/2021\/06\/18\/aula-aberta-perspectivas-e-vivencias-na-gestao-de-projetos\/","title":{"rendered":"Aula Aberta &#8211; Perspectivas e Viv\u00eancias na Gest\u00e3o de Projetos"},"content":{"rendered":"<p style=\"text-align: justify\"><img loading=\"lazy\" decoding=\"async\" class=\"alignnone size-medium wp-image-7001\" src=\"https:\/\/wp.ufpel.edu.br\/ccso\/files\/2021\/06\/Projetos-283x400.jpg\" alt=\"\" width=\"283\" height=\"400\" srcset=\"https:\/\/wp.ufpel.edu.br\/ccso\/files\/2021\/06\/Projetos-283x400.jpg 283w, https:\/\/wp.ufpel.edu.br\/ccso\/files\/2021\/06\/Projetos-724x1024.jpg 724w, https:\/\/wp.ufpel.edu.br\/ccso\/files\/2021\/06\/Projetos-768x1086.jpg 768w, https:\/\/wp.ufpel.edu.br\/ccso\/files\/2021\/06\/Projetos-1086x1536.jpg 1086w, https:\/\/wp.ufpel.edu.br\/ccso\/files\/2021\/06\/Projetos-1448x2048.jpg 1448w, https:\/\/wp.ufpel.edu.br\/ccso\/files\/2021\/06\/Projetos.jpg 1587w\" sizes=\"auto, (max-width: 283px) 100vw, 283px\" \/>O Centro de Ci\u00eancias Socio-Organizacionais convida toda comunidade acad\u00eamica a participar da aula aberta &#8220;Perspectivas e Viv\u00eancias na Gest\u00e3o de Projetos&#8221;, dia 25 de junho (sexta-feira), \u00e0s 13h30, no endere\u00e7o: <a href=\"https:\/\/webconf.ufpel.edu.br\/b\/pri-z3z-xyv\">https:\/\/webconf.ufpel.edu.br\/b\/pri-z3z-xyv<\/a><\/p>\n<p style=\"text-align: justify\">A convidada da live \u00e9 Soedi C\u00e1rmen Roso, especialista em gerenciamento de projetos com as certifica\u00e7\u00f5es PMP, ASF, DASM e volunt\u00e1ria do PMI-RS. A atividade ser\u00e1 mediada pela Profa. Dra. Priscila Nesello (CCSO).<\/p>\n<p style=\"text-align: justify\">O evento \u00e9 uma iniciativa de integra\u00e7\u00e3o das turmas de Gest\u00e3o de Projetos dos cursos do CCSO-UFPel e tem dura\u00e7\u00e3o prevista de 1h30min.<\/p>\n<p style=\"text-align: justify\">A atividade \u00e9 aberta a quem tiver interesse pela tem\u00e1tica e n\u00e3o \u00e9 necess\u00e1ria inscri\u00e7\u00e3o.<\/p>\n","protected":false},"excerpt":{"rendered":"<p>O Centro de Ci\u00eancias Socio-Organizacionais convida toda comunidade acad\u00eamica a participar da aula aberta &#8220;Perspectivas e Viv\u00eancias na Gest\u00e3o de Projetos&#8221;, dia 25 de junho (sexta-feira), \u00e0s 13h30, no endere\u00e7o: https:\/\/webconf.ufpel.edu.br\/b\/pri-z3z-xyv A convidada da live \u00e9 Soedi C\u00e1rmen Roso, especialista em gerenciamento de projetos com as certifica\u00e7\u00f5es PMP, ASF, DASM e volunt\u00e1ria do PMI-RS. A &hellip; <\/p>\n<p><a class=\"more-link btn\" href=\"https:\/\/wp.ufpel.edu.br\/ccso\/2021\/06\/18\/aula-aberta-perspectivas-e-vivencias-na-gestao-de-projetos\/\">Continue lendo<\/a><\/p>\n","protected":false},"author":1120,"featured_media":0,"comment_status":"closed","ping_status":"closed","sticky":false,"template":"","format":"standard","meta":{"footnotes":""},"categories":[1],"tags":[],"class_list":["post-6999","post","type-post","status-publish","format-standard","hentry","category-noticias","item-wrap"],"jetpack_featured_media_url":"","_links":{"self":[{"href":"https:\/\/wp.ufpel.edu.br\/ccso\/wp-json\/wp\/v2\/posts\/6999","targetHints":{"allow":["GET"]}}],"collection":[{"href":"https:\/\/wp.ufpel.edu.br\/ccso\/wp-json\/wp\/v2\/posts"}],"about":[{"href":"https:\/\/wp.ufpel.edu.br\/ccso\/wp-json\/wp\/v2\/types\/post"}],"author":[{"embeddable":true,"href":"https:\/\/wp.ufpel.edu.br\/ccso\/wp-json\/wp\/v2\/users\/1120"}],"replies":[{"embeddable":true,"href":"https:\/\/wp.ufpel.edu.br\/ccso\/wp-json\/wp\/v2\/comments?post=6999"}],"version-history":[{"count":3,"href":"https:\/\/wp.ufpel.edu.br\/ccso\/wp-json\/wp\/v2\/posts\/6999\/revisions"}],"predecessor-version":[{"id":7004,"href":"https:\/\/wp.ufpel.edu.br\/ccso\/wp-json\/wp\/v2\/posts\/6999\/revisions\/7004"}],"wp:attachment":[{"href":"https:\/\/wp.ufpel.edu.br\/ccso\/wp-json\/wp\/v2\/media?parent=6999"}],"wp:term":[{"taxonomy":"category","embeddable":true,"href":"https:\/\/wp.ufpel.edu.br\/ccso\/wp-json\/wp\/v2\/categories?post=6999"},{"taxonomy":"post_tag","embeddable":true,"href":"https:\/\/wp.ufpel.edu.br\/ccso\/wp-json\/wp\/v2\/tags?post=6999"}],"curies":[{"name":"wp","href":"https:\/\/api.w.org\/{rel}","templated":true}]}}