{"id":6961,"date":"2021-06-17T13:22:53","date_gmt":"2021-06-17T16:22:53","guid":{"rendered":"https:\/\/wp.ufpel.edu.br\/ccso\/?p=6961"},"modified":"2021-06-17T14:19:42","modified_gmt":"2021-06-17T17:19:42","slug":"cafe-com-a-direcao-virtual-edicao-de-junho-2021","status":"publish","type":"post","link":"https:\/\/wp.ufpel.edu.br\/ccso\/2021\/06\/17\/cafe-com-a-direcao-virtual-edicao-de-junho-2021\/","title":{"rendered":"Caf\u00e9 com a Dire\u00e7\u00e3o Virtual &#8211; Edi\u00e7\u00e3o de Junho\/2021"},"content":{"rendered":"<p style=\"text-align: justify\"><img loading=\"lazy\" decoding=\"async\" class=\"alignnone size-medium wp-image-6963\" src=\"https:\/\/wp.ufpel.edu.br\/ccso\/files\/2021\/06\/cartaz-24-de-junho-400x400.jpeg\" alt=\"\" width=\"400\" height=\"400\" srcset=\"https:\/\/wp.ufpel.edu.br\/ccso\/files\/2021\/06\/cartaz-24-de-junho-400x400.jpeg 400w, https:\/\/wp.ufpel.edu.br\/ccso\/files\/2021\/06\/cartaz-24-de-junho-1024x1024.jpeg 1024w, https:\/\/wp.ufpel.edu.br\/ccso\/files\/2021\/06\/cartaz-24-de-junho-200x200.jpeg 200w, https:\/\/wp.ufpel.edu.br\/ccso\/files\/2021\/06\/cartaz-24-de-junho-768x768.jpeg 768w, https:\/\/wp.ufpel.edu.br\/ccso\/files\/2021\/06\/cartaz-24-de-junho.jpeg 1080w\" sizes=\"auto, (max-width: 400px) 100vw, 400px\" \/>O projeto unificado de ensino Acolhida CCSO realizar\u00e1 no dia 24\/06 (quinta-feira), as 16h30min, a segunda edi\u00e7\u00e3o de 2021 do Caf\u00e9 com a Dire\u00e7\u00e3o Virtual, com o tema &#8220;P\u00f3s Gradua\u00e7\u00e3o no CCSO, oportunidades e desafios&#8221;.<\/p>\n<p style=\"text-align: justify\">Para apresentar cada um dos cursos de p\u00f3s-gradua\u00e7\u00e3o do CCSO e discutir a tem\u00e1tica, foram convidados: Priscila Nesello, Coordenadora do MBA em Gest\u00e3o Estrat\u00e9gica de Neg\u00f3cios; Luciana Florentino Novo, Coordenadora da Especializa\u00e7\u00e3o em Gest\u00e3o P\u00fablica e Desenvolvimento Regional; M\u00e1rio Duarte Canever, Coordenador do Mestrado Acad\u00eamico em Desenvolvimento Territorial e Sistemas Agroindustriais; e Elvis Silveira Martins, Coordenador Local do Mestrado Profissional em Administra\u00e7\u00e3o P\u00fablica. A media\u00e7\u00e3o ser\u00e1 realizada pela professora Isabel Cristina Rosa Barros Rasia, Diretora do Centro de Ci\u00eancias Socio-Organizacionais.<\/p>\n<p style=\"text-align: justify\">As inscri\u00e7\u00f5es est\u00e3o abertas at\u00e9 22\/06 (ter\u00e7a-feira), pelo link: <a href=\"https:\/\/forms.gle\/EfYGzweXk3CawmQZ8\">https:\/\/forms.gle\/EfYGzweXk3CawmQZ8<\/a><\/p>\n<p style=\"text-align: justify\">Nesta edi\u00e7\u00e3o, o Caf\u00e9 com a Dire\u00e7\u00e3o Virtual ser\u00e1 aberto a participa\u00e7\u00e3o de alunos da UFPel, servidores e comunidade externa, interessados em conhecer um pouco mais os cursos de p\u00f3s-gradua\u00e7\u00e3o ofertados pela unidade.<\/p>\n<p style=\"text-align: justify\">O evento ser\u00e1 realizado na plataforma WebConf-UFPel e ser\u00e1 acess\u00edvel em libras.<\/p>\n<p style=\"text-align: justify\">Para maiores informa\u00e7\u00f5es, acompanhe as redes sociais da unidade:<\/p>\n<p style=\"text-align: justify\">Facebook: <a href=\"https:\/\/www.facebook.com\/CCSO.UFPEL\">https:\/\/www.facebook.com\/CCSO.UFPEL<\/a><\/p>\n<p style=\"text-align: justify\">Instagram: \u00a0<a href=\"https:\/\/www.instagram.com\/ccso.ufpel\/\">https:\/\/www.instagram.com\/ccso.ufpel\/<\/a><\/p>\n","protected":false},"excerpt":{"rendered":"<p>O projeto unificado de ensino Acolhida CCSO realizar\u00e1 no dia 24\/06 (quinta-feira), as 16h30min, a segunda edi\u00e7\u00e3o de 2021 do Caf\u00e9 com a Dire\u00e7\u00e3o Virtual, com o tema &#8220;P\u00f3s Gradua\u00e7\u00e3o no CCSO, oportunidades e desafios&#8221;. Para apresentar cada um dos cursos de p\u00f3s-gradua\u00e7\u00e3o do CCSO e discutir a tem\u00e1tica, foram convidados: Priscila Nesello, Coordenadora do &hellip; <\/p>\n<p><a class=\"more-link btn\" href=\"https:\/\/wp.ufpel.edu.br\/ccso\/2021\/06\/17\/cafe-com-a-direcao-virtual-edicao-de-junho-2021\/\">Continue lendo<\/a><\/p>\n","protected":false},"author":1120,"featured_media":0,"comment_status":"closed","ping_status":"closed","sticky":false,"template":"","format":"standard","meta":{"footnotes":""},"categories":[1],"tags":[],"class_list":["post-6961","post","type-post","status-publish","format-standard","hentry","category-noticias","item-wrap"],"jetpack_featured_media_url":"","_links":{"self":[{"href":"https:\/\/wp.ufpel.edu.br\/ccso\/wp-json\/wp\/v2\/posts\/6961","targetHints":{"allow":["GET"]}}],"collection":[{"href":"https:\/\/wp.ufpel.edu.br\/ccso\/wp-json\/wp\/v2\/posts"}],"about":[{"href":"https:\/\/wp.ufpel.edu.br\/ccso\/wp-json\/wp\/v2\/types\/post"}],"author":[{"embeddable":true,"href":"https:\/\/wp.ufpel.edu.br\/ccso\/wp-json\/wp\/v2\/users\/1120"}],"replies":[{"embeddable":true,"href":"https:\/\/wp.ufpel.edu.br\/ccso\/wp-json\/wp\/v2\/comments?post=6961"}],"version-history":[{"count":4,"href":"https:\/\/wp.ufpel.edu.br\/ccso\/wp-json\/wp\/v2\/posts\/6961\/revisions"}],"predecessor-version":[{"id":6966,"href":"https:\/\/wp.ufpel.edu.br\/ccso\/wp-json\/wp\/v2\/posts\/6961\/revisions\/6966"}],"wp:attachment":[{"href":"https:\/\/wp.ufpel.edu.br\/ccso\/wp-json\/wp\/v2\/media?parent=6961"}],"wp:term":[{"taxonomy":"category","embeddable":true,"href":"https:\/\/wp.ufpel.edu.br\/ccso\/wp-json\/wp\/v2\/categories?post=6961"},{"taxonomy":"post_tag","embeddable":true,"href":"https:\/\/wp.ufpel.edu.br\/ccso\/wp-json\/wp\/v2\/tags?post=6961"}],"curies":[{"name":"wp","href":"https:\/\/api.w.org\/{rel}","templated":true}]}}