{"id":6953,"date":"2021-06-16T12:17:31","date_gmt":"2021-06-16T15:17:31","guid":{"rendered":"https:\/\/wp.ufpel.edu.br\/ccso\/?p=6953"},"modified":"2021-06-16T12:25:30","modified_gmt":"2021-06-16T15:25:30","slug":"solenidade-formatura-do-mba-em-gestao-estrategica-de-negocios","status":"publish","type":"post","link":"https:\/\/wp.ufpel.edu.br\/ccso\/2021\/06\/16\/solenidade-formatura-do-mba-em-gestao-estrategica-de-negocios\/","title":{"rendered":"Solenidade formatura do MBA em Gest\u00e3o Estrat\u00e9gica de Neg\u00f3cios"},"content":{"rendered":"<p style=\"text-align: justify\"><img loading=\"lazy\" decoding=\"async\" class=\"alignnone size-medium wp-image-6955\" src=\"https:\/\/wp.ufpel.edu.br\/ccso\/files\/2021\/06\/Formatura-283x400.jpg\" alt=\"\" width=\"283\" height=\"400\" srcset=\"https:\/\/wp.ufpel.edu.br\/ccso\/files\/2021\/06\/Formatura-283x400.jpg 283w, https:\/\/wp.ufpel.edu.br\/ccso\/files\/2021\/06\/Formatura-724x1024.jpg 724w, https:\/\/wp.ufpel.edu.br\/ccso\/files\/2021\/06\/Formatura-768x1086.jpg 768w, https:\/\/wp.ufpel.edu.br\/ccso\/files\/2021\/06\/Formatura-1086x1536.jpg 1086w, https:\/\/wp.ufpel.edu.br\/ccso\/files\/2021\/06\/Formatura-1448x2048.jpg 1448w, https:\/\/wp.ufpel.edu.br\/ccso\/files\/2021\/06\/Formatura.jpg 1587w\" sizes=\"auto, (max-width: 283px) 100vw, 283px\" \/>A dire\u00e7\u00e3o do Centro de Ci\u00eancias Socio-Organizacionais convida a comunidade acad\u00eamica para a solenidade formatura da quarta edi\u00e7\u00e3o do MBA em Gest\u00e3o Estrat\u00e9gica de Neg\u00f3cios, a ser realizada no dia 25 de junho (sexta-feira), \u00e0s 19h, acesso pelo link: https:\/\/webconf.ufpel.edu.br\/b\/pri-nx9-42m<\/p>\n","protected":false},"excerpt":{"rendered":"<p>A dire\u00e7\u00e3o do Centro de Ci\u00eancias Socio-Organizacionais convida a comunidade acad\u00eamica para a solenidade formatura da quarta edi\u00e7\u00e3o do MBA em Gest\u00e3o Estrat\u00e9gica de Neg\u00f3cios, a ser realizada no dia 25 de junho (sexta-feira), \u00e0s 19h, acesso pelo link: https:\/\/webconf.ufpel.edu.br\/b\/pri-nx9-42m<\/p>\n","protected":false},"author":1120,"featured_media":0,"comment_status":"closed","ping_status":"closed","sticky":false,"template":"","format":"standard","meta":{"footnotes":""},"categories":[1],"tags":[],"class_list":["post-6953","post","type-post","status-publish","format-standard","hentry","category-noticias","item-wrap"],"jetpack_featured_media_url":"","_links":{"self":[{"href":"https:\/\/wp.ufpel.edu.br\/ccso\/wp-json\/wp\/v2\/posts\/6953","targetHints":{"allow":["GET"]}}],"collection":[{"href":"https:\/\/wp.ufpel.edu.br\/ccso\/wp-json\/wp\/v2\/posts"}],"about":[{"href":"https:\/\/wp.ufpel.edu.br\/ccso\/wp-json\/wp\/v2\/types\/post"}],"author":[{"embeddable":true,"href":"https:\/\/wp.ufpel.edu.br\/ccso\/wp-json\/wp\/v2\/users\/1120"}],"replies":[{"embeddable":true,"href":"https:\/\/wp.ufpel.edu.br\/ccso\/wp-json\/wp\/v2\/comments?post=6953"}],"version-history":[{"count":3,"href":"https:\/\/wp.ufpel.edu.br\/ccso\/wp-json\/wp\/v2\/posts\/6953\/revisions"}],"predecessor-version":[{"id":6958,"href":"https:\/\/wp.ufpel.edu.br\/ccso\/wp-json\/wp\/v2\/posts\/6953\/revisions\/6958"}],"wp:attachment":[{"href":"https:\/\/wp.ufpel.edu.br\/ccso\/wp-json\/wp\/v2\/media?parent=6953"}],"wp:term":[{"taxonomy":"category","embeddable":true,"href":"https:\/\/wp.ufpel.edu.br\/ccso\/wp-json\/wp\/v2\/categories?post=6953"},{"taxonomy":"post_tag","embeddable":true,"href":"https:\/\/wp.ufpel.edu.br\/ccso\/wp-json\/wp\/v2\/tags?post=6953"}],"curies":[{"name":"wp","href":"https:\/\/api.w.org\/{rel}","templated":true}]}}