{"id":6948,"date":"2021-06-08T11:11:36","date_gmt":"2021-06-08T14:11:36","guid":{"rendered":"https:\/\/wp.ufpel.edu.br\/ccso\/?p=6948"},"modified":"2021-06-08T11:11:36","modified_gmt":"2021-06-08T14:11:36","slug":"projeto-cafe-com-turismo-aborda-relacoes-raciais-e-o-turismo","status":"publish","type":"post","link":"https:\/\/wp.ufpel.edu.br\/ccso\/2021\/06\/08\/projeto-cafe-com-turismo-aborda-relacoes-raciais-e-o-turismo\/","title":{"rendered":"Projeto Caf\u00e9 com Turismo aborda rela\u00e7\u00f5es raciais e o turismo"},"content":{"rendered":"<p style=\"text-align: justify\"><span style=\"font-family: georgia, serif\"><img loading=\"lazy\" decoding=\"async\" class=\"alignnone size-medium wp-image-6950\" src=\"https:\/\/wp.ufpel.edu.br\/ccso\/files\/2021\/06\/Cafe-com-Turismo-321x400.jpeg\" alt=\"\" width=\"321\" height=\"400\" srcset=\"https:\/\/wp.ufpel.edu.br\/ccso\/files\/2021\/06\/Cafe-com-Turismo-321x400.jpeg 321w, https:\/\/wp.ufpel.edu.br\/ccso\/files\/2021\/06\/Cafe-com-Turismo-822x1024.jpeg 822w, https:\/\/wp.ufpel.edu.br\/ccso\/files\/2021\/06\/Cafe-com-Turismo-768x956.jpeg 768w, https:\/\/wp.ufpel.edu.br\/ccso\/files\/2021\/06\/Cafe-com-Turismo.jpeg 1028w\" sizes=\"auto, (max-width: 321px) 100vw, 321px\" \/>O Curso de Turismo realizar\u00e1 na pr\u00f3xima semana (quarta, 16\/06) a \u00faltima edi\u00e7\u00e3o do primeiro semestre de 2021 do evento Caf\u00e9 com Turismo. O projeto tem como objetivo oportunizar a troca de experi\u00eancias entre profissionais de Turismo, discentes, egressos, estudantes de outros cursos e institui\u00e7\u00f5es e a comunidade em geral. O evento \u00e9 gratuito e aberto ao p\u00fablico.<\/span><\/p>\n<p style=\"text-align: justify\"><span style=\"font-family: georgia, serif\">A edi\u00e7\u00e3o do m\u00eas de junho ter\u00e1 como tema &#8220;Turismo e Rela\u00e7\u00f5es Raciais&#8221;, com a Turism\u00f3loga Nat\u00e1lia Oliveira, ocorrendo no dia 16\/06 \u00e0s 17h na plataforma WebConf-UFPel.<\/span><\/p>\n<p style=\"text-align: justify\"><span style=\"font-family: georgia, serif\"><span style=\"color: #666666\">As inscri\u00e7\u00f5es s\u00e3o limitadas e podem ser realizadas no seguinte link:\u00a0<\/span><\/span><span style=\"color: #666666;font-family: georgia, serif\"><a href=\"https:\/\/forms.gle\/caU7BGpDyKFNKbkF8\" target=\"_blank\" rel=\"noopener noreferrer\">https:\/\/forms.gle\/caU7BGpDyKFNKbkF8<\/a><\/span><\/p>\n<div>\n<div>\n<div style=\"text-align: justify\"><\/div>\n<div style=\"text-align: justify\"><\/div>\n<div style=\"text-align: justify\"><span style=\"color: #666666;font-family: georgia, serif\">Para mais informa\u00e7\u00f5es acesse:<\/p>\n<p><\/span><\/div>\n<div style=\"text-align: justify\"><span style=\"color: #666666;font-family: georgia, serif\">Instagram:\u00a0<a href=\"https:\/\/www.instagram.com\/ufpel.cafecomturismo\/\" target=\"_blank\" rel=\"noopener noreferrer\">https:\/\/www.instagram.com\/ufpel.cafecomturismo\/<\/a><\/span><\/div>\n<div style=\"text-align: justify\"><span style=\"color: #666666;font-family: georgia, serif\">P\u00e1gina do projeto no Facebook:\u00a0<a href=\"https:\/\/www.facebook.com\/ufpel.cafecomturismo\" target=\"_blank\" rel=\"noopener noreferrer\">https:\/\/www.facebook.com\/ufpel.cafecomturismo<\/a><\/span><\/div>\n<\/div>\n<\/div>\n","protected":false},"excerpt":{"rendered":"<p>O Curso de Turismo realizar\u00e1 na pr\u00f3xima semana (quarta, 16\/06) a \u00faltima edi\u00e7\u00e3o do primeiro semestre de 2021 do evento Caf\u00e9 com Turismo. O projeto tem como objetivo oportunizar a troca de experi\u00eancias entre profissionais de Turismo, discentes, egressos, estudantes de outros cursos e institui\u00e7\u00f5es e a comunidade em geral. O evento \u00e9 gratuito e &hellip; <\/p>\n<p><a class=\"more-link btn\" href=\"https:\/\/wp.ufpel.edu.br\/ccso\/2021\/06\/08\/projeto-cafe-com-turismo-aborda-relacoes-raciais-e-o-turismo\/\">Continue lendo<\/a><\/p>\n","protected":false},"author":1120,"featured_media":0,"comment_status":"closed","ping_status":"closed","sticky":false,"template":"","format":"standard","meta":{"footnotes":""},"categories":[1],"tags":[],"class_list":["post-6948","post","type-post","status-publish","format-standard","hentry","category-noticias","item-wrap"],"jetpack_featured_media_url":"","_links":{"self":[{"href":"https:\/\/wp.ufpel.edu.br\/ccso\/wp-json\/wp\/v2\/posts\/6948","targetHints":{"allow":["GET"]}}],"collection":[{"href":"https:\/\/wp.ufpel.edu.br\/ccso\/wp-json\/wp\/v2\/posts"}],"about":[{"href":"https:\/\/wp.ufpel.edu.br\/ccso\/wp-json\/wp\/v2\/types\/post"}],"author":[{"embeddable":true,"href":"https:\/\/wp.ufpel.edu.br\/ccso\/wp-json\/wp\/v2\/users\/1120"}],"replies":[{"embeddable":true,"href":"https:\/\/wp.ufpel.edu.br\/ccso\/wp-json\/wp\/v2\/comments?post=6948"}],"version-history":[{"count":1,"href":"https:\/\/wp.ufpel.edu.br\/ccso\/wp-json\/wp\/v2\/posts\/6948\/revisions"}],"predecessor-version":[{"id":6951,"href":"https:\/\/wp.ufpel.edu.br\/ccso\/wp-json\/wp\/v2\/posts\/6948\/revisions\/6951"}],"wp:attachment":[{"href":"https:\/\/wp.ufpel.edu.br\/ccso\/wp-json\/wp\/v2\/media?parent=6948"}],"wp:term":[{"taxonomy":"category","embeddable":true,"href":"https:\/\/wp.ufpel.edu.br\/ccso\/wp-json\/wp\/v2\/categories?post=6948"},{"taxonomy":"post_tag","embeddable":true,"href":"https:\/\/wp.ufpel.edu.br\/ccso\/wp-json\/wp\/v2\/tags?post=6948"}],"curies":[{"name":"wp","href":"https:\/\/api.w.org\/{rel}","templated":true}]}}