{"id":6941,"date":"2021-06-08T09:48:59","date_gmt":"2021-06-08T12:48:59","guid":{"rendered":"https:\/\/wp.ufpel.edu.br\/ccso\/?p=6941"},"modified":"2021-06-08T09:52:11","modified_gmt":"2021-06-08T12:52:11","slug":"aula-aberta-economia-circular-todo-lixo-e-um-erro-de-design","status":"publish","type":"post","link":"https:\/\/wp.ufpel.edu.br\/ccso\/2021\/06\/08\/aula-aberta-economia-circular-todo-lixo-e-um-erro-de-design\/","title":{"rendered":"Aula Aberta: Economia Circular: todo lixo \u00e9 um erro de design"},"content":{"rendered":"<p style=\"text-align: justify\"><img loading=\"lazy\" decoding=\"async\" class=\"alignnone size-medium wp-image-6943\" src=\"https:\/\/wp.ufpel.edu.br\/ccso\/files\/2021\/06\/Ambiental-283x400.jpg\" alt=\"\" width=\"283\" height=\"400\" srcset=\"https:\/\/wp.ufpel.edu.br\/ccso\/files\/2021\/06\/Ambiental-283x400.jpg 283w, https:\/\/wp.ufpel.edu.br\/ccso\/files\/2021\/06\/Ambiental-724x1024.jpg 724w, https:\/\/wp.ufpel.edu.br\/ccso\/files\/2021\/06\/Ambiental-768x1086.jpg 768w, https:\/\/wp.ufpel.edu.br\/ccso\/files\/2021\/06\/Ambiental-1086x1536.jpg 1086w, https:\/\/wp.ufpel.edu.br\/ccso\/files\/2021\/06\/Ambiental-1448x2048.jpg 1448w, https:\/\/wp.ufpel.edu.br\/ccso\/files\/2021\/06\/Ambiental.jpg 1587w\" sizes=\"auto, (max-width: 283px) 100vw, 283px\" \/>No dia 18\/06 (sexta-feira), as 13h30min, a disciplina de Gest\u00e3o Ambiental do curso de Administra\u00e7\u00e3o recebe a convidada Victoria Reolon de Mello com a palestra \u201cEconomia Circular: todo lixo \u00e9 um erro de design\u201d.<\/p>\n<p style=\"text-align: justify\">Victoria Reolon de Mello \u00e9 Bi\u00f3loga, educadora ambiental, consultora para certifica\u00e7\u00e3o lixo zero e embaixadora do Instituto Lixo Zero Brasil.<\/p>\n<p style=\"text-align: justify\">A palestra tem por objetivo discutir solu\u00e7\u00f5es regenerativas e sustent\u00e1veis para problem\u00e1ticas ambientais e ser\u00e1 realizada na sala de Webconfer\u00eancias da UFPel\u00a0<a href=\"https:\/\/webconf.ufpel.edu.br\/b\/pri-k7c-ceg.\" data-saferedirecturl=\"https:\/\/www.google.com\/url?q=https:\/\/webconf.ufpel.edu.br\/b\/pri-k7c-ceg.&amp;source=gmail&amp;ust=1623241990401000&amp;usg=AFQjCNFzdb-_Ied-vO86-YI_pWGiWJhQGg\">https:\/\/webconf.ufpel.edu.br\/b\/pri-k7c-ceg.<\/a><\/p>\n<p style=\"text-align: justify\">A media\u00e7\u00e3o ser\u00e1 realizada pela professora Priscila Nesello, professora respons\u00e1vel pela disciplina.<\/p>\n<p style=\"text-align: justify\">Durante a palestra, ser\u00e1 realizada uma atividade de Cocria\u00e7\u00e3o de um painel utilizando a <a href=\"https:\/\/miro.com\/welcomeonboard\/NjRxUFdWb1dBSkgwdTU2ekNrMlNVR2ZTMFRhOURFV3N3V2xDd3lkcUtxM05GR0NXY3dRZ1N5WDJwV2tLMDdiNHwzMDc0NDU3MzUwNTUyOTA1MzQx\">plataforma Miro<\/a>.<\/p>\n<p style=\"text-align: justify\">Os interessados na atividade n\u00e3o precisam se inscrever, basta acessar a sala de webconferencia no hor\u00e1rio da palestra.<\/p>\n","protected":false},"excerpt":{"rendered":"<p>No dia 18\/06 (sexta-feira), as 13h30min, a disciplina de Gest\u00e3o Ambiental do curso de Administra\u00e7\u00e3o recebe a convidada Victoria Reolon de Mello com a palestra \u201cEconomia Circular: todo lixo \u00e9 um erro de design\u201d. Victoria Reolon de Mello \u00e9 Bi\u00f3loga, educadora ambiental, consultora para certifica\u00e7\u00e3o lixo zero e embaixadora do Instituto Lixo Zero Brasil. A &hellip; <\/p>\n<p><a class=\"more-link btn\" href=\"https:\/\/wp.ufpel.edu.br\/ccso\/2021\/06\/08\/aula-aberta-economia-circular-todo-lixo-e-um-erro-de-design\/\">Continue lendo<\/a><\/p>\n","protected":false},"author":1120,"featured_media":0,"comment_status":"closed","ping_status":"closed","sticky":false,"template":"","format":"standard","meta":{"footnotes":""},"categories":[1],"tags":[],"class_list":["post-6941","post","type-post","status-publish","format-standard","hentry","category-noticias","item-wrap"],"jetpack_featured_media_url":"","_links":{"self":[{"href":"https:\/\/wp.ufpel.edu.br\/ccso\/wp-json\/wp\/v2\/posts\/6941","targetHints":{"allow":["GET"]}}],"collection":[{"href":"https:\/\/wp.ufpel.edu.br\/ccso\/wp-json\/wp\/v2\/posts"}],"about":[{"href":"https:\/\/wp.ufpel.edu.br\/ccso\/wp-json\/wp\/v2\/types\/post"}],"author":[{"embeddable":true,"href":"https:\/\/wp.ufpel.edu.br\/ccso\/wp-json\/wp\/v2\/users\/1120"}],"replies":[{"embeddable":true,"href":"https:\/\/wp.ufpel.edu.br\/ccso\/wp-json\/wp\/v2\/comments?post=6941"}],"version-history":[{"count":3,"href":"https:\/\/wp.ufpel.edu.br\/ccso\/wp-json\/wp\/v2\/posts\/6941\/revisions"}],"predecessor-version":[{"id":6947,"href":"https:\/\/wp.ufpel.edu.br\/ccso\/wp-json\/wp\/v2\/posts\/6941\/revisions\/6947"}],"wp:attachment":[{"href":"https:\/\/wp.ufpel.edu.br\/ccso\/wp-json\/wp\/v2\/media?parent=6941"}],"wp:term":[{"taxonomy":"category","embeddable":true,"href":"https:\/\/wp.ufpel.edu.br\/ccso\/wp-json\/wp\/v2\/categories?post=6941"},{"taxonomy":"post_tag","embeddable":true,"href":"https:\/\/wp.ufpel.edu.br\/ccso\/wp-json\/wp\/v2\/tags?post=6941"}],"curies":[{"name":"wp","href":"https:\/\/api.w.org\/{rel}","templated":true}]}}