{"id":6894,"date":"2021-05-17T15:57:55","date_gmt":"2021-05-17T18:57:55","guid":{"rendered":"https:\/\/wp.ufpel.edu.br\/ccso\/?p=6894"},"modified":"2021-05-17T16:52:32","modified_gmt":"2021-05-17T19:52:32","slug":"conexao-ccso-realiza-live-sobre-empreendedorismo-feminino","status":"publish","type":"post","link":"https:\/\/wp.ufpel.edu.br\/ccso\/2021\/05\/17\/conexao-ccso-realiza-live-sobre-empreendedorismo-feminino\/","title":{"rendered":"Conex\u00e3o CCSO realiza live sobre Empreendedorismo Feminino"},"content":{"rendered":"<p style=\"text-align: justify\"><img loading=\"lazy\" decoding=\"async\" class=\"alignnone size-medium wp-image-6896\" src=\"https:\/\/wp.ufpel.edu.br\/ccso\/files\/2021\/05\/cartaz-principal-400x284.jpg\" alt=\"\" width=\"400\" height=\"284\" srcset=\"https:\/\/wp.ufpel.edu.br\/ccso\/files\/2021\/05\/cartaz-principal-400x284.jpg 400w, https:\/\/wp.ufpel.edu.br\/ccso\/files\/2021\/05\/cartaz-principal-1024x726.jpg 1024w, https:\/\/wp.ufpel.edu.br\/ccso\/files\/2021\/05\/cartaz-principal-768x545.jpg 768w, https:\/\/wp.ufpel.edu.br\/ccso\/files\/2021\/05\/cartaz-principal.jpg 1280w\" sizes=\"auto, (max-width: 400px) 100vw, 400px\" \/>O Centro de Ci\u00eancia Socio-Organizacionais (CCSO) realiza, no dia 24 de maio, \u00e0s 16h15, a primeira edi\u00e7\u00e3o do Conex\u00e3o CCSO com o tema: \u201cAgora que s\u00e3o elas: um papo sobre Empreendedorismo Feminino\u201d. A <em>live<\/em> ser\u00e1 transmitida pelo canal CCSO-UFPEL (www.youtube.com\/watch?v=2ULHqIYQ174).<\/p>\n<p style=\"text-align: justify\">A mesa virtual pretende discutir os desafios e oportunidades no empreendedorismo feminino no Rio Grande do Sul, por meio de relatos de experi\u00eancia de 4 mulheres empreendedoras, trazendo como essas mulheres lidam com a desigualdade de g\u00eanero no mercado, as demandas profissionais e as atividades extras. A media\u00e7\u00e3o da mesa ser\u00e1 realizada pela professora Priscila Nesello, Coordenadora do MBA em Gest\u00e3o Estrat\u00e9gica de Neg\u00f3cios da UFPel.<\/p>\n<p style=\"text-align: justify\">As inscri\u00e7\u00f5es para o evento estar\u00e3o dispon\u00edveis at\u00e9 23 de maio, pelo link:\u00a0 https:\/\/forms.gle\/Psx9gwKkwiL8P1go7<\/p>\n<p style=\"text-align: justify\">Para os relatos de experi\u00eancia foram convidadas empreendedoras de diferentes \u00e1reas:<\/p>\n<p style=\"text-align: justify\">&#8211; Jaqueline Pena: propriet\u00e1ria da Jaqueline Pena Makeup; maquiadora profissional com foco em pele negra; maquiadora profissional pelo Instituto Embelleze, 2014; design de sobrancelha, SG Hairs, 2017; possui aperfei\u00e7oamento em Maquiagem Profissional, Ateli\u00ea Carla Pfeifer, 2018; masterclass subtons da pele negra, DaMata Makeup &#8211; Escola de maquiagem para pele negra, 2018; al\u00e9m de ser revendedora de cosm\u00e9ticos para pele negra da marca Negra Rosa.<\/p>\n<p style=\"text-align: justify\">&#8211; Lara Yamim: propriet\u00e1ria da Babador com Amor; possui gradua\u00e7\u00e3o em Publicidade e Propaganda pela UCPEL; \u00e9 Especialista em Marketing na ESPM em POA; e tamb\u00e9m possui P\u00f3s-Gradua\u00e7\u00e3o em Organiza\u00e7\u00e3o de Eventos na FATEC Senac em POA.<\/p>\n<p style=\"text-align: justify\">\u00a0&#8211; Solange Rodrigues: propriet\u00e1ria da Noah Solu\u00e7\u00f5es Digitais, egressa do Curso Superior de Tecnologia em Processos Gerenciais da Universidade Federal de Pelotas<\/p>\n<p style=\"text-align: justify\">\u00a0&#8211; Thays Meus: cozinheira profissional h\u00e1 11 anos; propriet\u00e1ria da Srta. Pudim Cozinha Afetiva e do restaurante La Parrilla 55; participa do Projeto de Ensino Pr\u00e1ticas Alternativas de Alimenta\u00e7\u00e3o da Nutri\u00e7\u00e3o na Universidade Federal de Pelotas.<\/p>\n<p style=\"text-align: justify\">O Conex\u00e3o CCSO \u00e9 uma a\u00e7\u00e3o vinculada ao projeto unificado de ensino Acolhida CCSO e tem por objetivos: proporcionar o interc\u00e2mbio de informa\u00e7\u00f5es e viv\u00eancias entre alunos, docentes e t\u00e9cnicos da UFPel, com profissionais do mercado, gestores p\u00fablicos e segmentos da sociedade; debater temas emergentes das \u00e1reas de\u00a0 Administra\u00e7\u00e3o, Gest\u00e3o P\u00fablica e de Empresas e Turismo; e discutir os principais desafios e oportunidades no mundo do trabalho para os Administradores, Gestores P\u00fablicos, Gestores Privados e Turism\u00f3logos.<\/p>\n<p style=\"text-align: justify\">O evento tem dura\u00e7\u00e3o de 1h30min minutos e contar\u00e1 com Tradutores-Interpretes de Libras.<\/p>\n<p style=\"text-align: justify\">Ser\u00e1 concedida certifica\u00e7\u00e3o aos participantes.<\/p>\n","protected":false},"excerpt":{"rendered":"<p>O Centro de Ci\u00eancia Socio-Organizacionais (CCSO) realiza, no dia 24 de maio, \u00e0s 16h15, a primeira edi\u00e7\u00e3o do Conex\u00e3o CCSO com o tema: \u201cAgora que s\u00e3o elas: um papo sobre Empreendedorismo Feminino\u201d. A live ser\u00e1 transmitida pelo canal CCSO-UFPEL (www.youtube.com\/watch?v=2ULHqIYQ174). A mesa virtual pretende discutir os desafios e oportunidades no empreendedorismo feminino no Rio Grande &hellip; <\/p>\n<p><a class=\"more-link btn\" href=\"https:\/\/wp.ufpel.edu.br\/ccso\/2021\/05\/17\/conexao-ccso-realiza-live-sobre-empreendedorismo-feminino\/\">Continue lendo<\/a><\/p>\n","protected":false},"author":1120,"featured_media":0,"comment_status":"closed","ping_status":"closed","sticky":false,"template":"","format":"standard","meta":{"footnotes":""},"categories":[1],"tags":[],"class_list":["post-6894","post","type-post","status-publish","format-standard","hentry","category-noticias","item-wrap"],"jetpack_featured_media_url":"","_links":{"self":[{"href":"https:\/\/wp.ufpel.edu.br\/ccso\/wp-json\/wp\/v2\/posts\/6894","targetHints":{"allow":["GET"]}}],"collection":[{"href":"https:\/\/wp.ufpel.edu.br\/ccso\/wp-json\/wp\/v2\/posts"}],"about":[{"href":"https:\/\/wp.ufpel.edu.br\/ccso\/wp-json\/wp\/v2\/types\/post"}],"author":[{"embeddable":true,"href":"https:\/\/wp.ufpel.edu.br\/ccso\/wp-json\/wp\/v2\/users\/1120"}],"replies":[{"embeddable":true,"href":"https:\/\/wp.ufpel.edu.br\/ccso\/wp-json\/wp\/v2\/comments?post=6894"}],"version-history":[{"count":2,"href":"https:\/\/wp.ufpel.edu.br\/ccso\/wp-json\/wp\/v2\/posts\/6894\/revisions"}],"predecessor-version":[{"id":6899,"href":"https:\/\/wp.ufpel.edu.br\/ccso\/wp-json\/wp\/v2\/posts\/6894\/revisions\/6899"}],"wp:attachment":[{"href":"https:\/\/wp.ufpel.edu.br\/ccso\/wp-json\/wp\/v2\/media?parent=6894"}],"wp:term":[{"taxonomy":"category","embeddable":true,"href":"https:\/\/wp.ufpel.edu.br\/ccso\/wp-json\/wp\/v2\/categories?post=6894"},{"taxonomy":"post_tag","embeddable":true,"href":"https:\/\/wp.ufpel.edu.br\/ccso\/wp-json\/wp\/v2\/tags?post=6894"}],"curies":[{"name":"wp","href":"https:\/\/api.w.org\/{rel}","templated":true}]}}