{"id":6883,"date":"2021-05-11T18:18:32","date_gmt":"2021-05-11T21:18:32","guid":{"rendered":"https:\/\/wp.ufpel.edu.br\/ccso\/?p=6883"},"modified":"2021-05-11T18:20:44","modified_gmt":"2021-05-11T21:20:44","slug":"o-projeto-unificado-de-ensino-acolhida-ccso-lanca-a-exposicao-virtual-fotografica-ccso-conhecendo-a-nossa-historia","status":"publish","type":"post","link":"https:\/\/wp.ufpel.edu.br\/ccso\/2021\/05\/11\/o-projeto-unificado-de-ensino-acolhida-ccso-lanca-a-exposicao-virtual-fotografica-ccso-conhecendo-a-nossa-historia\/","title":{"rendered":"O Projeto Unificado de Ensino \u201cAcolhida CCSO\u201d lan\u00e7a a exposi\u00e7\u00e3o virtual fotogr\u00e1fica \u201cCCSO: Conhecendo a Nossa Hist\u00f3ria\u201d"},"content":{"rendered":"<p style=\"text-align: justify\"><img loading=\"lazy\" decoding=\"async\" class=\"alignnone size-medium wp-image-6885\" src=\"https:\/\/wp.ufpel.edu.br\/ccso\/files\/2021\/05\/Cartaz-campanha-400x400.jpeg\" alt=\"\" width=\"400\" height=\"400\" srcset=\"https:\/\/wp.ufpel.edu.br\/ccso\/files\/2021\/05\/Cartaz-campanha-400x400.jpeg 400w, https:\/\/wp.ufpel.edu.br\/ccso\/files\/2021\/05\/Cartaz-campanha-1024x1024.jpeg 1024w, https:\/\/wp.ufpel.edu.br\/ccso\/files\/2021\/05\/Cartaz-campanha-200x200.jpeg 200w, https:\/\/wp.ufpel.edu.br\/ccso\/files\/2021\/05\/Cartaz-campanha-768x768.jpeg 768w, https:\/\/wp.ufpel.edu.br\/ccso\/files\/2021\/05\/Cartaz-campanha.jpeg 1080w\" sizes=\"auto, (max-width: 400px) 100vw, 400px\" \/>A exposi\u00e7\u00e3o \u00e9 uma iniciativa do Projeto Unificado de Ensino \u201cAcolhida CCSO\u201d, do Centro de Ci\u00eancias Socio-Organizacionais &#8211; CCSO, e tem por objetivo mostrar momentos marcantes da trajet\u00f3ria\u00a0da unidade, desde a cria\u00e7\u00e3o da antiga Faculdade de Ci\u00eancias Dom\u00e9sticas em 1969, passando pela cria\u00e7\u00e3o da Faculdade de Administra\u00e7\u00e3o e de Turismo at\u00e9 chegar no Centro de Ci\u00eancias Socio-Organizacionais.<\/p>\n<p style=\"text-align: justify\">O Centro de Ci\u00eancias Socio-Organizacionais &#8211; CCSO foi criado em 26 de novembro de 2020 (resolu\u00e7\u00e3o 39\/2020), mas a trajet\u00f3ria da unidade \u00e9 muito antiga. Nesse sentido, a\u00a0campanha tamb\u00e9m tem por objetivo dar visibilidade \u00e0 hist\u00f3ria da unidade e estimular o sentimento de pertencimento \u00e0 unidade.<\/p>\n<p style=\"text-align: justify\">A exposi\u00e7\u00e3o est\u00e1 aberta para a participa\u00e7\u00e3o de professores efetivos, ativos ou aposentados; professores substitutos, contrato ativo ou encerrado;\u00a0 servidores t\u00e9cnicos-administrativos, ativos ou aposentados; servidores terceirizados, contrato ativo ou encerrado,\u00a0estudantes regularmente matriculados ou egressos dos cursos de gradua\u00e7\u00e3o e p\u00f3s-gradua\u00e7\u00e3o que o Centro de Ci\u00eancias Socio-Organizacionais (CCSO) oferta ou a Faculdade de Administra\u00e7\u00e3o (FAT) e de Turismo e Faculdade de Ci\u00eancias Dom\u00e9sticas (FCD) j\u00e1 ofertaram em sua trajet\u00f3ria.<\/p>\n<p style=\"text-align: justify\">As fotografias devem ter rela\u00e7\u00e3o com algum momento vivenciado na unidade, como, por exemplo: formaturas, visitas t\u00e9cnicas, aulas pr\u00e1ticas, eventos, projetos de ensino, pesquisa ou extens\u00e3o, entre outros.\u00a0A inscri\u00e7\u00e3o \u00e9 gratuita e individual e deve ser feita pela internet atrav\u00e9s do Formul\u00e1rio Google:\u00a0<a href=\"https:\/\/forms.gle\/z8VZJ2mF4joZFTxP9\">https:\/\/forms.gle\/z8VZJ2mF4joZFTxP9<\/a><\/p>\n<p style=\"text-align: justify\">Ser\u00e3o aceitos envios de fotografias at\u00e9 o dia 05 de novembro de 2021. As fotografias recebidas ser\u00e3o postadas toda a quinta-feira na se\u00e7\u00e3o #tbt no facebook (<a href=\"https:\/\/www.facebook.com\/CCSO.UFPEL\">https:\/\/www.facebook.com\/CCSO.UFPEL<\/a>) e no Instagram (<a href=\"https:\/\/www.instagram.com\/ccso.ufpel\/\">https:\/\/www.instagram.com\/ccso.ufpel\/<\/a>) do CCSO.<\/p>\n<p style=\"text-align: justify\">O v\u00eddeo com o resultado final da exposi\u00e7\u00e3o ser\u00e1 lan\u00e7ado em novembro de 2021 em comemora\u00e7\u00e3o ao primeiro ano da unidade. Maiores informa\u00e7\u00f5es est\u00e3o dispon\u00edveis no regulamento da exposi\u00e7\u00e3o:\u00a0<a href=\"https:\/\/drive.google.com\/file\/d\/1u_wYrqizC8yhthl_KuCrze2yB2Ruz4ZB\/view?usp=sharing\">https:\/\/drive.google.com\/file\/d\/1u_wYrqizC8yhthl_KuCrze2yB2Ruz4ZB\/view?usp=sharing<\/a><\/p>\n","protected":false},"excerpt":{"rendered":"<p>A exposi\u00e7\u00e3o \u00e9 uma iniciativa do Projeto Unificado de Ensino \u201cAcolhida CCSO\u201d, do Centro de Ci\u00eancias Socio-Organizacionais &#8211; CCSO, e tem por objetivo mostrar momentos marcantes da trajet\u00f3ria\u00a0da unidade, desde a cria\u00e7\u00e3o da antiga Faculdade de Ci\u00eancias Dom\u00e9sticas em 1969, passando pela cria\u00e7\u00e3o da Faculdade de Administra\u00e7\u00e3o e de Turismo at\u00e9 chegar no Centro de &hellip; <\/p>\n<p><a class=\"more-link btn\" href=\"https:\/\/wp.ufpel.edu.br\/ccso\/2021\/05\/11\/o-projeto-unificado-de-ensino-acolhida-ccso-lanca-a-exposicao-virtual-fotografica-ccso-conhecendo-a-nossa-historia\/\">Continue lendo<\/a><\/p>\n","protected":false},"author":1120,"featured_media":0,"comment_status":"closed","ping_status":"closed","sticky":false,"template":"","format":"standard","meta":{"footnotes":""},"categories":[1],"tags":[],"class_list":["post-6883","post","type-post","status-publish","format-standard","hentry","category-noticias","item-wrap"],"jetpack_featured_media_url":"","_links":{"self":[{"href":"https:\/\/wp.ufpel.edu.br\/ccso\/wp-json\/wp\/v2\/posts\/6883","targetHints":{"allow":["GET"]}}],"collection":[{"href":"https:\/\/wp.ufpel.edu.br\/ccso\/wp-json\/wp\/v2\/posts"}],"about":[{"href":"https:\/\/wp.ufpel.edu.br\/ccso\/wp-json\/wp\/v2\/types\/post"}],"author":[{"embeddable":true,"href":"https:\/\/wp.ufpel.edu.br\/ccso\/wp-json\/wp\/v2\/users\/1120"}],"replies":[{"embeddable":true,"href":"https:\/\/wp.ufpel.edu.br\/ccso\/wp-json\/wp\/v2\/comments?post=6883"}],"version-history":[{"count":1,"href":"https:\/\/wp.ufpel.edu.br\/ccso\/wp-json\/wp\/v2\/posts\/6883\/revisions"}],"predecessor-version":[{"id":6886,"href":"https:\/\/wp.ufpel.edu.br\/ccso\/wp-json\/wp\/v2\/posts\/6883\/revisions\/6886"}],"wp:attachment":[{"href":"https:\/\/wp.ufpel.edu.br\/ccso\/wp-json\/wp\/v2\/media?parent=6883"}],"wp:term":[{"taxonomy":"category","embeddable":true,"href":"https:\/\/wp.ufpel.edu.br\/ccso\/wp-json\/wp\/v2\/categories?post=6883"},{"taxonomy":"post_tag","embeddable":true,"href":"https:\/\/wp.ufpel.edu.br\/ccso\/wp-json\/wp\/v2\/tags?post=6883"}],"curies":[{"name":"wp","href":"https:\/\/api.w.org\/{rel}","templated":true}]}}