{"id":6863,"date":"2021-04-26T18:00:08","date_gmt":"2021-04-26T21:00:08","guid":{"rendered":"https:\/\/wp.ufpel.edu.br\/ccso\/?p=6863"},"modified":"2021-04-26T18:00:08","modified_gmt":"2021-04-26T21:00:08","slug":"abertas-as-inscricoes-para-o-cafe-com-a-direcao-virtual-edicao-de-maio","status":"publish","type":"post","link":"https:\/\/wp.ufpel.edu.br\/ccso\/2021\/04\/26\/abertas-as-inscricoes-para-o-cafe-com-a-direcao-virtual-edicao-de-maio\/","title":{"rendered":"Abertas as inscri\u00e7\u00f5es para o Caf\u00e9 com a Dire\u00e7\u00e3o Virtual &#8211; Edi\u00e7\u00e3o de Maio"},"content":{"rendered":"<div class=\"kvgmc6g5 cxmmr5t8 oygrvhab hcukyx3x c1et5uql ii04i59q\">\n<div dir=\"auto\"><img loading=\"lazy\" decoding=\"async\" class=\"alignnone size-medium wp-image-6865\" src=\"https:\/\/wp.ufpel.edu.br\/ccso\/files\/2021\/04\/Cartaz-principal-400x400.jpeg\" alt=\"\" width=\"400\" height=\"400\" srcset=\"https:\/\/wp.ufpel.edu.br\/ccso\/files\/2021\/04\/Cartaz-principal-400x400.jpeg 400w, https:\/\/wp.ufpel.edu.br\/ccso\/files\/2021\/04\/Cartaz-principal-1024x1024.jpeg 1024w, https:\/\/wp.ufpel.edu.br\/ccso\/files\/2021\/04\/Cartaz-principal-200x200.jpeg 200w, https:\/\/wp.ufpel.edu.br\/ccso\/files\/2021\/04\/Cartaz-principal-768x768.jpeg 768w, https:\/\/wp.ufpel.edu.br\/ccso\/files\/2021\/04\/Cartaz-principal.jpeg 1080w\" sizes=\"auto, (max-width: 400px) 100vw, 400px\" \/>O Caf\u00e9 com a Dire\u00e7\u00e3o Virtual est\u00e1 de volta!!! O evento ser\u00e1 realizado no dia 04\/05 (ter\u00e7a-feira), \u00e0s 17h, na plataforma WebConf-UFPel. Nessa edi\u00e7\u00e3o, o tema \u00e9 <strong>Gest\u00e3o do Tempo<\/strong> e a nossa convidada \u00e9 a professora Simone Mello (CCSO). Para discutir a tem\u00e1tica, a professora Simone Mello apresentar\u00e1 a palestra: <strong>Planejar o tempo no home office &#8211; o desafio de equilibrar os pratos da vida. <\/strong>A media\u00e7\u00e3o ser\u00e1 realizada pela Professora Isabel Rasia. Quer saber mais sobre como planejar o tempo de trabalho, estudo e atividades pessoais? Vem com a gente!!<\/p>\n<p style=\"text-align: justify\">Link para inscri\u00e7\u00f5es: <a href=\"https:\/\/forms.gle\/KiiF19nFmCrkhmE58?fbclid=IwAR1JyJHNqWk1Chd0uCPgMupnFHl2fha3X-o96MrOqrkfMEjkDT3cZfluNxM\">https:\/\/forms.gle\/KiiF19nFmCrkhmE58<\/a><\/p>\n<p style=\"text-align: justify\">As inscri\u00e7\u00f5es est\u00e3o abertas at\u00e9 domingo, dia 02\/05. \u00a0O Caf\u00e9 com a Dire\u00e7\u00e3o virtual \u00e9 aberto para alunos de gradua\u00e7\u00e3o e p\u00f3s-gradua\u00e7\u00e3o do CCSO e servidores docentes e t\u00e9cnico-administrativos da unidade.<\/p>\n<p style=\"text-align: justify\">Para mais informa\u00e7\u00f5es siga as redes sociais do CCSO<\/p>\n<p style=\"text-align: justify\">Facebook: https:\/\/www.facebook.com\/CCSO.UFPEL<\/p>\n<p style=\"text-align: justify\">Instagram: @ccso.ufpel<\/p>\n<\/div>\n<\/div>\n","protected":false},"excerpt":{"rendered":"<p>O Caf\u00e9 com a Dire\u00e7\u00e3o Virtual est\u00e1 de volta!!! O evento ser\u00e1 realizado no dia 04\/05 (ter\u00e7a-feira), \u00e0s 17h, na plataforma WebConf-UFPel. Nessa edi\u00e7\u00e3o, o tema \u00e9 Gest\u00e3o do Tempo e a nossa convidada \u00e9 a professora Simone Mello (CCSO). Para discutir a tem\u00e1tica, a professora Simone Mello apresentar\u00e1 a palestra: Planejar o tempo no &hellip; <\/p>\n<p><a class=\"more-link btn\" href=\"https:\/\/wp.ufpel.edu.br\/ccso\/2021\/04\/26\/abertas-as-inscricoes-para-o-cafe-com-a-direcao-virtual-edicao-de-maio\/\">Continue lendo<\/a><\/p>\n","protected":false},"author":1120,"featured_media":0,"comment_status":"closed","ping_status":"closed","sticky":false,"template":"","format":"standard","meta":{"footnotes":""},"categories":[1],"tags":[],"class_list":["post-6863","post","type-post","status-publish","format-standard","hentry","category-noticias","item-wrap"],"jetpack_featured_media_url":"","_links":{"self":[{"href":"https:\/\/wp.ufpel.edu.br\/ccso\/wp-json\/wp\/v2\/posts\/6863","targetHints":{"allow":["GET"]}}],"collection":[{"href":"https:\/\/wp.ufpel.edu.br\/ccso\/wp-json\/wp\/v2\/posts"}],"about":[{"href":"https:\/\/wp.ufpel.edu.br\/ccso\/wp-json\/wp\/v2\/types\/post"}],"author":[{"embeddable":true,"href":"https:\/\/wp.ufpel.edu.br\/ccso\/wp-json\/wp\/v2\/users\/1120"}],"replies":[{"embeddable":true,"href":"https:\/\/wp.ufpel.edu.br\/ccso\/wp-json\/wp\/v2\/comments?post=6863"}],"version-history":[{"count":5,"href":"https:\/\/wp.ufpel.edu.br\/ccso\/wp-json\/wp\/v2\/posts\/6863\/revisions"}],"predecessor-version":[{"id":6870,"href":"https:\/\/wp.ufpel.edu.br\/ccso\/wp-json\/wp\/v2\/posts\/6863\/revisions\/6870"}],"wp:attachment":[{"href":"https:\/\/wp.ufpel.edu.br\/ccso\/wp-json\/wp\/v2\/media?parent=6863"}],"wp:term":[{"taxonomy":"category","embeddable":true,"href":"https:\/\/wp.ufpel.edu.br\/ccso\/wp-json\/wp\/v2\/categories?post=6863"},{"taxonomy":"post_tag","embeddable":true,"href":"https:\/\/wp.ufpel.edu.br\/ccso\/wp-json\/wp\/v2\/tags?post=6863"}],"curies":[{"name":"wp","href":"https:\/\/api.w.org\/{rel}","templated":true}]}}