{"id":6855,"date":"2021-04-23T17:56:02","date_gmt":"2021-04-23T20:56:02","guid":{"rendered":"https:\/\/wp.ufpel.edu.br\/ccso\/?p=6855"},"modified":"2021-04-23T17:56:17","modified_gmt":"2021-04-23T20:56:17","slug":"seminario-de-validacao-da-rede-de-qualificacao-em-turismo-no-rs","status":"publish","type":"post","link":"https:\/\/wp.ufpel.edu.br\/ccso\/2021\/04\/23\/seminario-de-validacao-da-rede-de-qualificacao-em-turismo-no-rs\/","title":{"rendered":"Semin\u00e1rio de Valida\u00e7\u00e3o da Rede de Qualifica\u00e7\u00e3o em Turismo no RS"},"content":{"rendered":"<p style=\"text-align: justify\"><img loading=\"lazy\" decoding=\"async\" class=\"alignnone size-medium wp-image-6857\" src=\"https:\/\/wp.ufpel.edu.br\/ccso\/files\/2021\/04\/WhatsApp-Image-2021-04-22-at-14.40.18-1-400x400.jpeg\" alt=\"\" width=\"400\" height=\"400\" srcset=\"https:\/\/wp.ufpel.edu.br\/ccso\/files\/2021\/04\/WhatsApp-Image-2021-04-22-at-14.40.18-1-400x400.jpeg 400w, https:\/\/wp.ufpel.edu.br\/ccso\/files\/2021\/04\/WhatsApp-Image-2021-04-22-at-14.40.18-1-1024x1024.jpeg 1024w, https:\/\/wp.ufpel.edu.br\/ccso\/files\/2021\/04\/WhatsApp-Image-2021-04-22-at-14.40.18-1-200x200.jpeg 200w, https:\/\/wp.ufpel.edu.br\/ccso\/files\/2021\/04\/WhatsApp-Image-2021-04-22-at-14.40.18-1-768x768.jpeg 768w, https:\/\/wp.ufpel.edu.br\/ccso\/files\/2021\/04\/WhatsApp-Image-2021-04-22-at-14.40.18-1.jpeg 1280w\" sizes=\"auto, (max-width: 400px) 100vw, 400px\" \/>Dia 28\/04 (quarta-feira), as 19h, ser\u00e1 transmito pelo Canal CCSO-UFPel (<a href=\"http:\/\/www.youtube.com\/watch?v=Kmi9i_yVgHs\">www.youtube.com\/watch?v=Kmi9i_yVgHs<\/a>) o Semin\u00e1rio de Valida\u00e7\u00e3o da Rede de Qualifica\u00e7\u00e3o em Turismo no RS. Durante o evento, haver\u00e1 a apresenta\u00e7\u00e3o da pesquisa diagn\u00f3stica sobre qualifica\u00e7\u00e3o em turismo apoiada pelo Minist\u00e9rio do Turismo conduzida por UFRGS, UFPel e FURG, sob coordena\u00e7\u00e3o da UnB. Ser\u00e1 feito convite e a apresenta\u00e7\u00e3o do curso &#8216;Turismo: Inova\u00e7\u00e3o e Qualifica\u00e7\u00e3o&#8217;, lan\u00e7ado pela UFPel e certificado tamb\u00e9m pelo Minist\u00e9rio do Turismo. O curso \u00e9 primeiro movimento de mobiliza\u00e7\u00e3o da Rede de Qualifica\u00e7\u00e3o em Turismo no Rio Grande do Sul, que ser\u00e1 ancorada na UFPel. O evento contar\u00e1 com as presen\u00e7as da Coordenadora da Pesquisa Nacional de Qualifica\u00e7\u00e3o em Turismo, Marutschka Moesch (UnB) e da equipe do RS, Antonio Carlos Castrogiovanni (UFRGS), Jaciel Gustavo Kunz (FURG) e Maur\u00edcio Ragagnin Pimentel (UFPel). Estar\u00e3o presentes, tamb\u00e9m, os coordenadores de curso de Turismo da UFPel, Fabio Eichemberg, e da FURG, Juliana Lima.<\/p>\n","protected":false},"excerpt":{"rendered":"<p>Dia 28\/04 (quarta-feira), as 19h, ser\u00e1 transmito pelo Canal CCSO-UFPel (www.youtube.com\/watch?v=Kmi9i_yVgHs) o Semin\u00e1rio de Valida\u00e7\u00e3o da Rede de Qualifica\u00e7\u00e3o em Turismo no RS. Durante o evento, haver\u00e1 a apresenta\u00e7\u00e3o da pesquisa diagn\u00f3stica sobre qualifica\u00e7\u00e3o em turismo apoiada pelo Minist\u00e9rio do Turismo conduzida por UFRGS, UFPel e FURG, sob coordena\u00e7\u00e3o da UnB. Ser\u00e1 feito convite e &hellip; <\/p>\n<p><a class=\"more-link btn\" href=\"https:\/\/wp.ufpel.edu.br\/ccso\/2021\/04\/23\/seminario-de-validacao-da-rede-de-qualificacao-em-turismo-no-rs\/\">Continue lendo<\/a><\/p>\n","protected":false},"author":1120,"featured_media":0,"comment_status":"closed","ping_status":"closed","sticky":false,"template":"","format":"standard","meta":{"footnotes":""},"categories":[1],"tags":[],"class_list":["post-6855","post","type-post","status-publish","format-standard","hentry","category-noticias","item-wrap"],"jetpack_featured_media_url":"","_links":{"self":[{"href":"https:\/\/wp.ufpel.edu.br\/ccso\/wp-json\/wp\/v2\/posts\/6855","targetHints":{"allow":["GET"]}}],"collection":[{"href":"https:\/\/wp.ufpel.edu.br\/ccso\/wp-json\/wp\/v2\/posts"}],"about":[{"href":"https:\/\/wp.ufpel.edu.br\/ccso\/wp-json\/wp\/v2\/types\/post"}],"author":[{"embeddable":true,"href":"https:\/\/wp.ufpel.edu.br\/ccso\/wp-json\/wp\/v2\/users\/1120"}],"replies":[{"embeddable":true,"href":"https:\/\/wp.ufpel.edu.br\/ccso\/wp-json\/wp\/v2\/comments?post=6855"}],"version-history":[{"count":3,"href":"https:\/\/wp.ufpel.edu.br\/ccso\/wp-json\/wp\/v2\/posts\/6855\/revisions"}],"predecessor-version":[{"id":6860,"href":"https:\/\/wp.ufpel.edu.br\/ccso\/wp-json\/wp\/v2\/posts\/6855\/revisions\/6860"}],"wp:attachment":[{"href":"https:\/\/wp.ufpel.edu.br\/ccso\/wp-json\/wp\/v2\/media?parent=6855"}],"wp:term":[{"taxonomy":"category","embeddable":true,"href":"https:\/\/wp.ufpel.edu.br\/ccso\/wp-json\/wp\/v2\/categories?post=6855"},{"taxonomy":"post_tag","embeddable":true,"href":"https:\/\/wp.ufpel.edu.br\/ccso\/wp-json\/wp\/v2\/tags?post=6855"}],"curies":[{"name":"wp","href":"https:\/\/api.w.org\/{rel}","templated":true}]}}