{"id":6840,"date":"2021-04-07T17:33:58","date_gmt":"2021-04-07T20:33:58","guid":{"rendered":"https:\/\/wp.ufpel.edu.br\/ccso\/?p=6840"},"modified":"2021-04-07T17:33:58","modified_gmt":"2021-04-07T20:33:58","slug":"abertas-as-inscricoes-para-o-cafe-com-turismo-edicao-de-abril","status":"publish","type":"post","link":"https:\/\/wp.ufpel.edu.br\/ccso\/2021\/04\/07\/abertas-as-inscricoes-para-o-cafe-com-turismo-edicao-de-abril\/","title":{"rendered":"Abertas as inscri\u00e7\u00f5es para o Caf\u00e9 com Turismo &#8211; Edi\u00e7\u00e3o de Abril"},"content":{"rendered":"<p style=\"text-align: justify\"><span style=\"font-family: georgia, serif\"><img loading=\"lazy\" decoding=\"async\" class=\"alignnone size-medium wp-image-6842\" src=\"https:\/\/wp.ufpel.edu.br\/ccso\/files\/2021\/04\/Cafe-com-Turismo-333x400.jpg\" alt=\"\" width=\"333\" height=\"400\" srcset=\"https:\/\/wp.ufpel.edu.br\/ccso\/files\/2021\/04\/Cafe-com-Turismo-333x400.jpg 333w, https:\/\/wp.ufpel.edu.br\/ccso\/files\/2021\/04\/Cafe-com-Turismo-768x922.jpg 768w, https:\/\/wp.ufpel.edu.br\/ccso\/files\/2021\/04\/Cafe-com-Turismo.jpg 783w\" sizes=\"auto, (max-width: 333px) 100vw, 333px\" \/><\/span><\/p>\n<p style=\"text-align: justify\"><span style=\"font-family: georgia, serif\">O Curso de Turismo realizar\u00e1 na pr\u00f3xima semana (quarta, 14\/04) a primeira edi\u00e7\u00e3o do evento Caf\u00e9 com Turismo de 2021. O evento tem como objetivo oportunizar a troca de experi\u00eancias entre profissionais de Turismo, discentes, egressos, estudantes de outros cursos e institui\u00e7\u00f5es e a comunidade em geral. O evento \u00e9 gratuito e aberto ao p\u00fablico.<\/span><\/p>\n<div>\n<div>\n<div style=\"text-align: justify\"><span style=\"font-family: georgia, serif\"><span style=\"color: #444444\">A edi\u00e7\u00e3o deste m\u00eas trar\u00e1 como tema &#8220;Turismo e Gastronomia&#8221;, com a Turism\u00f3loga Alice Leoti, e acontecer\u00e1 dia 14\/04 \u00e0s 17:00 na plataforma WebConf-UFPel<\/span><span style=\"color: #666666\">.<\/span><\/span><\/div>\n<div style=\"text-align: justify\"><\/div>\n<div style=\"text-align: justify\"><span style=\"color: #666666;font-family: georgia, serif\">Link para inscri\u00e7\u00e3o:\u00a0<a href=\"https:\/\/forms.gle\/x3UBaNhHZVkoqaqo6\" target=\"_blank\" rel=\"noopener noreferrer\">https:\/\/forms.gle\/x3UBaNhHZVkoqaqo6<\/a>\u00a0<\/span><\/div>\n<div style=\"text-align: justify\"><span style=\"color: #666666;font-family: georgia, serif\">\u00a0<\/span><\/div>\n<div style=\"text-align: justify\"><\/div>\n<div style=\"text-align: justify\"><span style=\"color: #666666;font-family: georgia, serif\">Para mais informa\u00e7\u00f5es acesse:<\/span><\/div>\n<div style=\"text-align: justify\"><span style=\"color: #666666;font-family: georgia, serif\">Instagram:\u00a0<a href=\"https:\/\/www.instagram.com\/ufpel.cafecomturismo\/\" target=\"_blank\" rel=\"noopener noreferrer\">https:\/\/www.instagram.com\/ufpel.cafecomturismo\/<\/a><\/span><\/div>\n<div style=\"text-align: justify\"><span style=\"color: #666666;font-family: georgia, serif\">P\u00e1gina do projeto no Facebook:\u00a0<a href=\"https:\/\/www.facebook.com\/ufpel.cafecomturismo\" target=\"_blank\" rel=\"noopener noreferrer\">https:\/\/www.facebook.com\/ufpel.cafecomturismo<\/a><\/span><\/div>\n<div><\/div>\n<\/div>\n<\/div>\n","protected":false},"excerpt":{"rendered":"<p>O Curso de Turismo realizar\u00e1 na pr\u00f3xima semana (quarta, 14\/04) a primeira edi\u00e7\u00e3o do evento Caf\u00e9 com Turismo de 2021. O evento tem como objetivo oportunizar a troca de experi\u00eancias entre profissionais de Turismo, discentes, egressos, estudantes de outros cursos e institui\u00e7\u00f5es e a comunidade em geral. O evento \u00e9 gratuito e aberto ao p\u00fablico. &hellip; <\/p>\n<p><a class=\"more-link btn\" href=\"https:\/\/wp.ufpel.edu.br\/ccso\/2021\/04\/07\/abertas-as-inscricoes-para-o-cafe-com-turismo-edicao-de-abril\/\">Continue lendo<\/a><\/p>\n","protected":false},"author":1120,"featured_media":0,"comment_status":"closed","ping_status":"closed","sticky":false,"template":"","format":"standard","meta":{"footnotes":""},"categories":[1],"tags":[],"class_list":["post-6840","post","type-post","status-publish","format-standard","hentry","category-noticias","item-wrap"],"jetpack_featured_media_url":"","_links":{"self":[{"href":"https:\/\/wp.ufpel.edu.br\/ccso\/wp-json\/wp\/v2\/posts\/6840","targetHints":{"allow":["GET"]}}],"collection":[{"href":"https:\/\/wp.ufpel.edu.br\/ccso\/wp-json\/wp\/v2\/posts"}],"about":[{"href":"https:\/\/wp.ufpel.edu.br\/ccso\/wp-json\/wp\/v2\/types\/post"}],"author":[{"embeddable":true,"href":"https:\/\/wp.ufpel.edu.br\/ccso\/wp-json\/wp\/v2\/users\/1120"}],"replies":[{"embeddable":true,"href":"https:\/\/wp.ufpel.edu.br\/ccso\/wp-json\/wp\/v2\/comments?post=6840"}],"version-history":[{"count":2,"href":"https:\/\/wp.ufpel.edu.br\/ccso\/wp-json\/wp\/v2\/posts\/6840\/revisions"}],"predecessor-version":[{"id":6844,"href":"https:\/\/wp.ufpel.edu.br\/ccso\/wp-json\/wp\/v2\/posts\/6840\/revisions\/6844"}],"wp:attachment":[{"href":"https:\/\/wp.ufpel.edu.br\/ccso\/wp-json\/wp\/v2\/media?parent=6840"}],"wp:term":[{"taxonomy":"category","embeddable":true,"href":"https:\/\/wp.ufpel.edu.br\/ccso\/wp-json\/wp\/v2\/categories?post=6840"},{"taxonomy":"post_tag","embeddable":true,"href":"https:\/\/wp.ufpel.edu.br\/ccso\/wp-json\/wp\/v2\/tags?post=6840"}],"curies":[{"name":"wp","href":"https:\/\/api.w.org\/{rel}","templated":true}]}}