{"id":6828,"date":"2021-04-01T12:43:04","date_gmt":"2021-04-01T15:43:04","guid":{"rendered":"https:\/\/wp.ufpel.edu.br\/ccso\/?p=6828"},"modified":"2021-04-01T12:43:04","modified_gmt":"2021-04-01T15:43:04","slug":"tu-conheces-o-patrimonio-edificado-da-ufpel","status":"publish","type":"post","link":"https:\/\/wp.ufpel.edu.br\/ccso\/2021\/04\/01\/tu-conheces-o-patrimonio-edificado-da-ufpel\/","title":{"rendered":"Tu conheces o patrim\u00f4nio edificado da UFPel?"},"content":{"rendered":"<div>\n<div dir=\"auto\">O projeto de extens\u00e3o &#8220;Visitas monitoradas pelos pr\u00e9dios da Universidade Federal de Pelotas&#8221; apresenta um ROTEIRO VIRTUAL por alguns pr\u00e9dios da UFPel para que possas conhecer um pouco mais da nossa Universidade.<\/div>\n<div dir=\"auto\">O ROTEIRO foi elaborado pela bolsista do projeto Hellen Bitencourt e orientado pela professora Dalila M\u00fcller e conta com fotografias atuais e antigas, hist\u00f3ria do pr\u00e9dio e narrativas sobre os mesmos.<\/div>\n<div dir=\"auto\">Faz esse tour conosco!<\/div>\n<div dir=\"auto\">Bom passeio!<\/div>\n<\/div>\n<div><a href=\"https:\/\/earth.google.com\/web\/@-31.77094961,-52.34281913,14.12930358a,4103.58456788d,30y,0h,0t,0r\/data=MicKJQojCiExY0pBZ3UzWHhYUjBZSDBoSEdDeTktcVlyY19QWm52ZWI?fbclid=IwAR2Pv77hL_Yb0FZntWZyfxPbWmzpIpxVPZZ5yWOpIon-no_k4oIMU09U3xs\">https:\/\/earth.google.com\/earth\/rpc\/cc\/drive&#8230;<\/a><\/div>\n<div><\/div>\n<div>\n<img loading=\"lazy\" decoding=\"async\" class=\"size-medium wp-image-6831 alignleft\" src=\"https:\/\/wp.ufpel.edu.br\/ccso\/files\/2021\/04\/Anglo-400x273.png\" alt=\"\" width=\"400\" height=\"273\" srcset=\"https:\/\/wp.ufpel.edu.br\/ccso\/files\/2021\/04\/Anglo-400x273.png 400w, https:\/\/wp.ufpel.edu.br\/ccso\/files\/2021\/04\/Anglo-768x523.png 768w, https:\/\/wp.ufpel.edu.br\/ccso\/files\/2021\/04\/Anglo.png 920w\" sizes=\"auto, (max-width: 400px) 100vw, 400px\" \/><\/div>\n","protected":false},"excerpt":{"rendered":"<p>O projeto de extens\u00e3o &#8220;Visitas monitoradas pelos pr\u00e9dios da Universidade Federal de Pelotas&#8221; apresenta um ROTEIRO VIRTUAL por alguns pr\u00e9dios da UFPel para que possas conhecer um pouco mais da nossa Universidade. O ROTEIRO foi elaborado pela bolsista do projeto Hellen Bitencourt e orientado pela professora Dalila M\u00fcller e conta com fotografias atuais e antigas, &hellip; <\/p>\n<p><a class=\"more-link btn\" href=\"https:\/\/wp.ufpel.edu.br\/ccso\/2021\/04\/01\/tu-conheces-o-patrimonio-edificado-da-ufpel\/\">Continue lendo<\/a><\/p>\n","protected":false},"author":1120,"featured_media":0,"comment_status":"closed","ping_status":"closed","sticky":false,"template":"","format":"standard","meta":{"footnotes":""},"categories":[1],"tags":[],"class_list":["post-6828","post","type-post","status-publish","format-standard","hentry","category-noticias","item-wrap"],"jetpack_featured_media_url":"","_links":{"self":[{"href":"https:\/\/wp.ufpel.edu.br\/ccso\/wp-json\/wp\/v2\/posts\/6828","targetHints":{"allow":["GET"]}}],"collection":[{"href":"https:\/\/wp.ufpel.edu.br\/ccso\/wp-json\/wp\/v2\/posts"}],"about":[{"href":"https:\/\/wp.ufpel.edu.br\/ccso\/wp-json\/wp\/v2\/types\/post"}],"author":[{"embeddable":true,"href":"https:\/\/wp.ufpel.edu.br\/ccso\/wp-json\/wp\/v2\/users\/1120"}],"replies":[{"embeddable":true,"href":"https:\/\/wp.ufpel.edu.br\/ccso\/wp-json\/wp\/v2\/comments?post=6828"}],"version-history":[{"count":6,"href":"https:\/\/wp.ufpel.edu.br\/ccso\/wp-json\/wp\/v2\/posts\/6828\/revisions"}],"predecessor-version":[{"id":6838,"href":"https:\/\/wp.ufpel.edu.br\/ccso\/wp-json\/wp\/v2\/posts\/6828\/revisions\/6838"}],"wp:attachment":[{"href":"https:\/\/wp.ufpel.edu.br\/ccso\/wp-json\/wp\/v2\/media?parent=6828"}],"wp:term":[{"taxonomy":"category","embeddable":true,"href":"https:\/\/wp.ufpel.edu.br\/ccso\/wp-json\/wp\/v2\/categories?post=6828"},{"taxonomy":"post_tag","embeddable":true,"href":"https:\/\/wp.ufpel.edu.br\/ccso\/wp-json\/wp\/v2\/tags?post=6828"}],"curies":[{"name":"wp","href":"https:\/\/api.w.org\/{rel}","templated":true}]}}