{"id":6667,"date":"2020-12-09T12:17:27","date_gmt":"2020-12-09T15:17:27","guid":{"rendered":"https:\/\/wp.ufpel.edu.br\/fat\/?p=6667"},"modified":"2020-12-09T12:17:27","modified_gmt":"2020-12-09T15:17:27","slug":"economia-circular-todo-lixo-e-um-erro-de-design","status":"publish","type":"post","link":"https:\/\/wp.ufpel.edu.br\/ccso\/2020\/12\/09\/economia-circular-todo-lixo-e-um-erro-de-design\/","title":{"rendered":"Economia Circular: todo lixo \u00e9 um erro de design"},"content":{"rendered":"<p style=\"text-align: justify\"><a href=\"https:\/\/wp.ufpel.edu.br\/ccso\/files\/2020\/12\/victoria-reolon.png\"><img loading=\"lazy\" decoding=\"async\" class=\"aligncenter size-full wp-image-6668\" src=\"https:\/\/wp.ufpel.edu.br\/ccso\/files\/2020\/12\/victoria-reolon.png\" alt=\"\" width=\"1080\" height=\"1080\" srcset=\"https:\/\/wp.ufpel.edu.br\/ccso\/files\/2020\/12\/victoria-reolon.png 1080w, https:\/\/wp.ufpel.edu.br\/ccso\/files\/2020\/12\/victoria-reolon-400x400.png 400w, https:\/\/wp.ufpel.edu.br\/ccso\/files\/2020\/12\/victoria-reolon-1024x1024.png 1024w, https:\/\/wp.ufpel.edu.br\/ccso\/files\/2020\/12\/victoria-reolon-200x200.png 200w, https:\/\/wp.ufpel.edu.br\/ccso\/files\/2020\/12\/victoria-reolon-768x768.png 768w\" sizes=\"auto, (max-width: 1080px) 100vw, 1080px\" \/><\/a>No dia 17\/12 (quinta-feira), \u00e1s 19h, a disciplina de Gest\u00e3o Ambiental do curso de Processos Gerenciais recebe a convidada Victoria Reolon de Mello com a palestra \u201cEconomia Circular: todo lixo \u00e9 um erro de design\u201d.<br \/>\nVictoria Reolon de Mello \u00e9 Bi\u00f3loga, educadora ambiental, consultora para certifica\u00e7\u00e3o lixo zero e embaixadora do Instituto Lixo Zero Brasil. A palestra tem por objetivo discutir solu\u00e7\u00f5es regenerativas e sustent\u00e1veis para problem\u00e1ticas ambientais e ser\u00e1 realizada na sala de Webconfer\u00eancias da UFPel <a href=\"https:\/\/webconf.ufpel.edu.br\/b\/pri-k7c-ceg.\">https:\/\/webconf.ufpel.edu.br\/b\/pri-k7c-ceg.<\/a><br \/>\nConcomitantemente, ser\u00e1 realizada uma atividade de Cocria\u00e7\u00e3o de um painel utilizando a plataforma Miro, link dispon\u00edvel abaixo: <a href=\"https:\/\/miro.com\/welcomeonboard\/qFdQDoaTfU0NYsWFsaK4KpngLCDPPmTcx8SSy00AUmtaARmEEUpgCwbo0Wiuh4Yi\">https:\/\/miro.com\/welcomeonboard\/qFdQDoaTfU0NYsWFsaK4KpngLCDPPmTcx8SSy00AUmtaARmEEUpgCwbo0Wiuh4Yi<\/a><br \/>\nA palestra com a atividade de cocria\u00e7\u00e3o tem dura\u00e7\u00e3o total de 1 hora e est\u00e1 aberta para a participa\u00e7\u00e3o de alunos de outros cursos e servidores da UFPel. Para os alunos da disciplina Gest\u00e3o Ambiental do curso de Processos Gerenciais a participa\u00e7\u00e3o na palestra e na Cocria\u00e7\u00e3o do painel contam como presen\u00e7a e atividade avaliativa. Os interessados na atividade n\u00e3o precisam se inscrever, basta acessar a sala de webconferencia no hor\u00e1rio da palestra.<\/p>\n","protected":false},"excerpt":{"rendered":"<p>No dia 17\/12 (quinta-feira), \u00e1s 19h, a disciplina de Gest\u00e3o Ambiental do curso de Processos Gerenciais recebe a convidada Victoria Reolon de Mello com a palestra \u201cEconomia Circular: todo lixo \u00e9 um erro de design\u201d. Victoria Reolon de Mello \u00e9 Bi\u00f3loga, educadora ambiental, consultora para certifica\u00e7\u00e3o lixo zero e embaixadora do Instituto Lixo Zero Brasil. &hellip; <\/p>\n<p><a class=\"more-link btn\" href=\"https:\/\/wp.ufpel.edu.br\/ccso\/2020\/12\/09\/economia-circular-todo-lixo-e-um-erro-de-design\/\">Continue lendo<\/a><\/p>\n","protected":false},"author":1120,"featured_media":0,"comment_status":"closed","ping_status":"closed","sticky":false,"template":"","format":"standard","meta":{"footnotes":""},"categories":[2],"tags":[],"class_list":["post-6667","post","type-post","status-publish","format-standard","hentry","category-sem-categoria","item-wrap"],"jetpack_featured_media_url":"","_links":{"self":[{"href":"https:\/\/wp.ufpel.edu.br\/ccso\/wp-json\/wp\/v2\/posts\/6667","targetHints":{"allow":["GET"]}}],"collection":[{"href":"https:\/\/wp.ufpel.edu.br\/ccso\/wp-json\/wp\/v2\/posts"}],"about":[{"href":"https:\/\/wp.ufpel.edu.br\/ccso\/wp-json\/wp\/v2\/types\/post"}],"author":[{"embeddable":true,"href":"https:\/\/wp.ufpel.edu.br\/ccso\/wp-json\/wp\/v2\/users\/1120"}],"replies":[{"embeddable":true,"href":"https:\/\/wp.ufpel.edu.br\/ccso\/wp-json\/wp\/v2\/comments?post=6667"}],"version-history":[{"count":0,"href":"https:\/\/wp.ufpel.edu.br\/ccso\/wp-json\/wp\/v2\/posts\/6667\/revisions"}],"wp:attachment":[{"href":"https:\/\/wp.ufpel.edu.br\/ccso\/wp-json\/wp\/v2\/media?parent=6667"}],"wp:term":[{"taxonomy":"category","embeddable":true,"href":"https:\/\/wp.ufpel.edu.br\/ccso\/wp-json\/wp\/v2\/categories?post=6667"},{"taxonomy":"post_tag","embeddable":true,"href":"https:\/\/wp.ufpel.edu.br\/ccso\/wp-json\/wp\/v2\/tags?post=6667"}],"curies":[{"name":"wp","href":"https:\/\/api.w.org\/{rel}","templated":true}]}}