{"id":6657,"date":"2020-12-08T16:34:43","date_gmt":"2020-12-08T19:34:43","guid":{"rendered":"https:\/\/wp.ufpel.edu.br\/fat\/?p=6657"},"modified":"2020-12-08T16:34:43","modified_gmt":"2020-12-08T19:34:43","slug":"cafe-com-turismo-e-destaque-na-6a-siiepe-da-ufpel","status":"publish","type":"post","link":"https:\/\/wp.ufpel.edu.br\/ccso\/2020\/12\/08\/cafe-com-turismo-e-destaque-na-6a-siiepe-da-ufpel\/","title":{"rendered":"Caf\u00e9 com Turismo \u00e9 destaque na 6\u00aa SIIEPE da UFPel"},"content":{"rendered":"<div class=\"o9v6fnle cxmmr5t8 oygrvhab hcukyx3x c1et5uql ii04i59q\">\n<div dir=\"auto\" style=\"text-align: justify\"><a href=\"https:\/\/wp.ufpel.edu.br\/ccso\/files\/2020\/12\/Cafe-com-Turismo-1-1.jpg\"><img loading=\"lazy\" decoding=\"async\" class=\"aligncenter size-full wp-image-6662\" src=\"https:\/\/wp.ufpel.edu.br\/ccso\/files\/2020\/12\/Cafe-com-Turismo-1-1.jpg\" alt=\"\" width=\"960\" height=\"718\" srcset=\"https:\/\/wp.ufpel.edu.br\/ccso\/files\/2020\/12\/Cafe-com-Turismo-1-1.jpg 960w, https:\/\/wp.ufpel.edu.br\/ccso\/files\/2020\/12\/Cafe-com-Turismo-1-1-400x299.jpg 400w, https:\/\/wp.ufpel.edu.br\/ccso\/files\/2020\/12\/Cafe-com-Turismo-1-1-768x574.jpg 768w\" sizes=\"auto, (max-width: 960px) 100vw, 960px\" \/><\/a>O projeto Caf\u00e9 com Turismo foi destaque na 6\u00aa Semana Integrada de Inova\u00e7\u00e3o, Ensino, Pesquisa e Extens\u00e3o, a SIIEPE UFPel. Na sala Ci\u00eancias Sociais Aplicadas, a bolsista Marciele Antunes Caetano apresentou o trabalho \u201cCaf\u00e9 com Turismo: Um projeto unificado no aux\u00edlio do ensino-aprendizagem sobre turismo durante a pandemia do Covid-19\u201d.<\/div>\n<div dir=\"auto\" style=\"text-align: justify\">O trabalho, apresentado na modalidade CEG (Congresso de Ensino de Gradua\u00e7\u00e3o), sob orienta\u00e7\u00e3o da Prof.\u00aa Dr.\u00aa Laura Rudzewicz e coautoria de Renata Duarte abordou a transi\u00e7\u00e3o do projeto do modo presencial para o modo virtual, que ocorreu em virtude da pandemia. Al\u00e9m disso, a discente apresentou resultados referentes as duas primeiras edi\u00e7\u00f5es do evento em 2020, sobre os temas abordados e as intera\u00e7\u00f5es realizadas entre palestrantes e ouvintes.<\/div>\n<div dir=\"auto\" style=\"text-align: justify\">Integrante voluntaria do projeto em 2019, Marciele diz que se sente grata em poder acompanhar o crescimento do grupo e comenta sobre as novas possibilidades do formato digital do evento: &#8220;Foi muito gratificante apresentar sobre esse projeto que eu estou inserida desde o ano passado. O evento no modelo virtual contribuiu para a participa\u00e7\u00e3o de turism\u00f3logos de outras partes do pa\u00eds, com outras vis\u00f5es e experi\u00eancias, e isso s\u00f3 enriqueceu mais o nosso ano.&#8221;<\/div>\n<div dir=\"auto\"><a href=\"https:\/\/wp.ufpel.edu.br\/ccso\/files\/2020\/12\/Cafe-com-Turismo-2-1.jpg\"><img loading=\"lazy\" decoding=\"async\" class=\"aligncenter size-full wp-image-6663\" src=\"https:\/\/wp.ufpel.edu.br\/ccso\/files\/2020\/12\/Cafe-com-Turismo-2-1.jpg\" alt=\"\" width=\"958\" height=\"644\" srcset=\"https:\/\/wp.ufpel.edu.br\/ccso\/files\/2020\/12\/Cafe-com-Turismo-2-1.jpg 958w, https:\/\/wp.ufpel.edu.br\/ccso\/files\/2020\/12\/Cafe-com-Turismo-2-1-400x269.jpg 400w, https:\/\/wp.ufpel.edu.br\/ccso\/files\/2020\/12\/Cafe-com-Turismo-2-1-768x516.jpg 768w\" sizes=\"auto, (max-width: 958px) 100vw, 958px\" \/><\/a><\/div>\n<\/div>\n<div class=\"o9v6fnle cxmmr5t8 oygrvhab hcukyx3x c1et5uql ii04i59q\" style=\"text-align: justify\">\n<div dir=\"auto\">Sobre o Caf\u00e9 com Turismo:<\/div>\n<div dir=\"auto\">Com in\u00edcio em 2019, o Projeto Caf\u00e9 com Turismo foi criado com intuito de ser espa\u00e7o de troca de experi\u00eancias entre alunos, egressos e professores do curso de Turismo da UFPel, profissionais de Turismo e outros interessados. O evento \u00e9 aberto a toda comunidade acad\u00eamica da UFPEL e de outras institui\u00e7\u00f5es, e a comunidade em geral.<\/div>\n<div dir=\"auto\">Os encontros, que antes ocorriam em formato presencial, agora ocorrem em formato virtual atrav\u00e9s da plataforma WebConf-UFPel.<\/div>\n<\/div>\n<div class=\"o9v6fnle cxmmr5t8 oygrvhab hcukyx3x c1et5uql ii04i59q\">\n<div dir=\"auto\" style=\"text-align: justify\">Acompanhe o projeto atrav\u00e9s do Instragram @ufpel.cafecomturismo ou pelo facebook<\/p>\n<div class=\"nc684nl6\">https:\/\/www.facebook.com\/ufpel.cafecomturismo<\/div>\n<p>.<\/p><\/div>\n<\/div>\n","protected":false},"excerpt":{"rendered":"<p>O projeto Caf\u00e9 com Turismo foi destaque na 6\u00aa Semana Integrada de Inova\u00e7\u00e3o, Ensino, Pesquisa e Extens\u00e3o, a SIIEPE UFPel. Na sala Ci\u00eancias Sociais Aplicadas, a bolsista Marciele Antunes Caetano apresentou o trabalho \u201cCaf\u00e9 com Turismo: Um projeto unificado no aux\u00edlio do ensino-aprendizagem sobre turismo durante a pandemia do Covid-19\u201d. O trabalho, apresentado na modalidade &hellip; <\/p>\n<p><a class=\"more-link btn\" href=\"https:\/\/wp.ufpel.edu.br\/ccso\/2020\/12\/08\/cafe-com-turismo-e-destaque-na-6a-siiepe-da-ufpel\/\">Continue lendo<\/a><\/p>\n","protected":false},"author":1120,"featured_media":0,"comment_status":"closed","ping_status":"closed","sticky":false,"template":"","format":"standard","meta":{"footnotes":""},"categories":[2],"tags":[],"class_list":["post-6657","post","type-post","status-publish","format-standard","hentry","category-sem-categoria","item-wrap"],"jetpack_featured_media_url":"","_links":{"self":[{"href":"https:\/\/wp.ufpel.edu.br\/ccso\/wp-json\/wp\/v2\/posts\/6657","targetHints":{"allow":["GET"]}}],"collection":[{"href":"https:\/\/wp.ufpel.edu.br\/ccso\/wp-json\/wp\/v2\/posts"}],"about":[{"href":"https:\/\/wp.ufpel.edu.br\/ccso\/wp-json\/wp\/v2\/types\/post"}],"author":[{"embeddable":true,"href":"https:\/\/wp.ufpel.edu.br\/ccso\/wp-json\/wp\/v2\/users\/1120"}],"replies":[{"embeddable":true,"href":"https:\/\/wp.ufpel.edu.br\/ccso\/wp-json\/wp\/v2\/comments?post=6657"}],"version-history":[{"count":0,"href":"https:\/\/wp.ufpel.edu.br\/ccso\/wp-json\/wp\/v2\/posts\/6657\/revisions"}],"wp:attachment":[{"href":"https:\/\/wp.ufpel.edu.br\/ccso\/wp-json\/wp\/v2\/media?parent=6657"}],"wp:term":[{"taxonomy":"category","embeddable":true,"href":"https:\/\/wp.ufpel.edu.br\/ccso\/wp-json\/wp\/v2\/categories?post=6657"},{"taxonomy":"post_tag","embeddable":true,"href":"https:\/\/wp.ufpel.edu.br\/ccso\/wp-json\/wp\/v2\/tags?post=6657"}],"curies":[{"name":"wp","href":"https:\/\/api.w.org\/{rel}","templated":true}]}}