{"id":6645,"date":"2020-12-02T14:26:18","date_gmt":"2020-12-02T17:26:18","guid":{"rendered":"https:\/\/wp.ufpel.edu.br\/fat\/?p=6645"},"modified":"2020-12-02T14:26:18","modified_gmt":"2020-12-02T17:26:18","slug":"abertas-as-inscricoes-para-o-v-cafe-com-a-direcao-virtual","status":"publish","type":"post","link":"https:\/\/wp.ufpel.edu.br\/ccso\/2020\/12\/02\/abertas-as-inscricoes-para-o-v-cafe-com-a-direcao-virtual\/","title":{"rendered":"Abertas as inscri\u00e7\u00f5es para o V Caf\u00e9 com a Dire\u00e7\u00e3o Virtual"},"content":{"rendered":"<p class=\"v1MsoNormal\">Est\u00e3o abertas<span class=\"v1gmail_default\">, at\u00e9 08\/12 (ter\u00e7a-feira),\u00a0<\/span>as inscri\u00e7\u00f5es para o\u00a0V Caf\u00e9 com a Dire\u00e7\u00e3o Virtual!<\/p>\n<p class=\"v1MsoNormal\"><span class=\"v1gmail_default\">Link para as inscri\u00e7\u00f5es<\/span>:\u00a0<a href=\"https:\/\/forms.gle\/PTq1WxgdpD8LGKup7\" target=\"_blank\" rel=\"noopener noreferrer\">https:\/\/forms.gle\/PTq1WxgdpD8LGKup7<\/a><\/p>\n<p><a href=\"https:\/\/wp.ufpel.edu.br\/ccso\/files\/2020\/12\/CAFE-DEZEMBRO.png\"><img loading=\"lazy\" decoding=\"async\" class=\"wp-image-6646 alignleft\" src=\"https:\/\/wp.ufpel.edu.br\/ccso\/files\/2020\/12\/CAFE-DEZEMBRO.png\" alt=\"\" width=\"450\" height=\"450\" srcset=\"https:\/\/wp.ufpel.edu.br\/ccso\/files\/2020\/12\/CAFE-DEZEMBRO.png 1080w, https:\/\/wp.ufpel.edu.br\/ccso\/files\/2020\/12\/CAFE-DEZEMBRO-400x400.png 400w, https:\/\/wp.ufpel.edu.br\/ccso\/files\/2020\/12\/CAFE-DEZEMBRO-1024x1024.png 1024w, https:\/\/wp.ufpel.edu.br\/ccso\/files\/2020\/12\/CAFE-DEZEMBRO-200x200.png 200w, https:\/\/wp.ufpel.edu.br\/ccso\/files\/2020\/12\/CAFE-DEZEMBRO-768x768.png 768w\" sizes=\"auto, (max-width: 450px) 100vw, 450px\" \/><\/a><\/p>\n<p class=\"v1MsoNormal\">O evento ser\u00e1 realizado\u00a0no dia 10\/12 (quinta-feira) \u00e0s 17h com a tem\u00e1tica &#8220;Sa\u00fade Mental na Pandemia COVID 19&#8221;, o segundo tema mais votado pelos alunos de gradua\u00e7\u00e3o e p\u00f3s-gradua\u00e7\u00e3o da FAT, com 22,9% dos votos, em enquete realizada no m\u00eas de outubro.<span class=\"v1gmail_default\">\u00a0<\/span><\/p>\n<p class=\"v1MsoNormal\">Para discutir a tem\u00e1tica,\u00a0<span class=\"v1gmail_default\">foi convidado<\/span>\u00a0o Psic\u00f3logo e Professor da Escola de Ci\u00eancias da Sa\u00fade e da Vida (PUCRS),\u00a0Cristiano\u00a0Hamann.<\/p>\n<p class=\"v1MsoNormal\">A media\u00e7\u00e3o ser\u00e1 realizada pela Professora Francielle Molon.<span class=\"v1gmail_default\">\u00a0<\/span><\/p>\n<p class=\"v1MsoNormal\">Siga as nossas redes:<\/p>\n<p class=\"v1MsoNormal\">Facebook: @fat.ufpel<br \/>\nInstagram: @fatufpel<\/p>\n","protected":false},"excerpt":{"rendered":"<p>Est\u00e3o abertas, at\u00e9 08\/12 (ter\u00e7a-feira),\u00a0as inscri\u00e7\u00f5es para o\u00a0V Caf\u00e9 com a Dire\u00e7\u00e3o Virtual! Link para as inscri\u00e7\u00f5es:\u00a0https:\/\/forms.gle\/PTq1WxgdpD8LGKup7 O evento ser\u00e1 realizado\u00a0no dia 10\/12 (quinta-feira) \u00e0s 17h com a tem\u00e1tica &#8220;Sa\u00fade Mental na Pandemia COVID 19&#8221;, o segundo tema mais votado pelos alunos de gradua\u00e7\u00e3o e p\u00f3s-gradua\u00e7\u00e3o da FAT, com 22,9% dos votos, em enquete realizada &hellip; <\/p>\n<p><a class=\"more-link btn\" href=\"https:\/\/wp.ufpel.edu.br\/ccso\/2020\/12\/02\/abertas-as-inscricoes-para-o-v-cafe-com-a-direcao-virtual\/\">Continue lendo<\/a><\/p>\n","protected":false},"author":1120,"featured_media":0,"comment_status":"closed","ping_status":"closed","sticky":false,"template":"","format":"standard","meta":{"footnotes":""},"categories":[2],"tags":[],"class_list":["post-6645","post","type-post","status-publish","format-standard","hentry","category-sem-categoria","item-wrap"],"jetpack_featured_media_url":"","_links":{"self":[{"href":"https:\/\/wp.ufpel.edu.br\/ccso\/wp-json\/wp\/v2\/posts\/6645","targetHints":{"allow":["GET"]}}],"collection":[{"href":"https:\/\/wp.ufpel.edu.br\/ccso\/wp-json\/wp\/v2\/posts"}],"about":[{"href":"https:\/\/wp.ufpel.edu.br\/ccso\/wp-json\/wp\/v2\/types\/post"}],"author":[{"embeddable":true,"href":"https:\/\/wp.ufpel.edu.br\/ccso\/wp-json\/wp\/v2\/users\/1120"}],"replies":[{"embeddable":true,"href":"https:\/\/wp.ufpel.edu.br\/ccso\/wp-json\/wp\/v2\/comments?post=6645"}],"version-history":[{"count":0,"href":"https:\/\/wp.ufpel.edu.br\/ccso\/wp-json\/wp\/v2\/posts\/6645\/revisions"}],"wp:attachment":[{"href":"https:\/\/wp.ufpel.edu.br\/ccso\/wp-json\/wp\/v2\/media?parent=6645"}],"wp:term":[{"taxonomy":"category","embeddable":true,"href":"https:\/\/wp.ufpel.edu.br\/ccso\/wp-json\/wp\/v2\/categories?post=6645"},{"taxonomy":"post_tag","embeddable":true,"href":"https:\/\/wp.ufpel.edu.br\/ccso\/wp-json\/wp\/v2\/tags?post=6645"}],"curies":[{"name":"wp","href":"https:\/\/api.w.org\/{rel}","templated":true}]}}