{"id":6641,"date":"2020-12-01T15:53:28","date_gmt":"2020-12-01T18:53:28","guid":{"rendered":"https:\/\/wp.ufpel.edu.br\/fat\/?p=6641"},"modified":"2020-12-01T15:53:28","modified_gmt":"2020-12-01T18:53:28","slug":"abertas-as-inscricoes-para-o-cafe-com-turismo","status":"publish","type":"post","link":"https:\/\/wp.ufpel.edu.br\/ccso\/2020\/12\/01\/abertas-as-inscricoes-para-o-cafe-com-turismo\/","title":{"rendered":"Abertas as inscri\u00e7\u00f5es para o Caf\u00e9 com Turismo \u2013 Edi\u00e7\u00e3o de Dezembro"},"content":{"rendered":"<p><a href=\"https:\/\/wp.ufpel.edu.br\/ccso\/files\/2020\/12\/Dezembro.jpeg\"><img loading=\"lazy\" decoding=\"async\" class=\"aligncenter size-full wp-image-6642\" src=\"https:\/\/wp.ufpel.edu.br\/ccso\/files\/2020\/12\/Dezembro.jpeg\" alt=\"\" width=\"788\" height=\"940\" srcset=\"https:\/\/wp.ufpel.edu.br\/ccso\/files\/2020\/12\/Dezembro.jpeg 788w, https:\/\/wp.ufpel.edu.br\/ccso\/files\/2020\/12\/Dezembro-335x400.jpeg 335w, https:\/\/wp.ufpel.edu.br\/ccso\/files\/2020\/12\/Dezembro-768x916.jpeg 768w\" sizes=\"auto, (max-width: 788px) 100vw, 788px\" \/><\/a><\/p>\n<p>O Curso de Turismo realizar\u00e1 na pr\u00f3xima semana (quarta, 9\/12) a \u00faltima edi\u00e7\u00e3o do evento Caf\u00e9 com Turismo neste ano. O evento tem como objetivo oportunizar a troca de experi\u00eancias entre profissionais de Turismo, discentes, egressos, estudantes de outros cursos e institui\u00e7\u00f5es e a comunidade em geral. O evento \u00e9 gratuito e aberto ao p\u00fablico.<\/p>\n<div>\n<div>\n<div>A edi\u00e7\u00e3o deste m\u00eas trar\u00e1 como tema &#8220;Parques Tem\u00e1ticos&#8221;, com a Turism\u00f3loga Francieli Correa, e acontecer\u00e1 dia 09\/12 \u00e0s 17:00 na plataforma WebConf-UFPel. Est\u00e1 edi\u00e7\u00e3o contar\u00e1 com int\u00e9rpretes de libras do NAI UFPel.<\/div>\n<div><\/div>\n<div>Link para inscri\u00e7\u00e3o:\u00a0<a href=\"https:\/\/forms.gle\/jLTM24npoadkfQzA7\" target=\"_blank\" rel=\"noopener noreferrer\" data-saferedirecturl=\"https:\/\/www.google.com\/url?q=https:\/\/forms.gle\/jLTM24npoadkfQzA7&amp;source=gmail&amp;ust=1606934554476000&amp;usg=AFQjCNFMhw6Bf7mC2II_vUzK45_0mdK0jA\">https:\/\/forms.gle\/jLTM24npoadkfQzA7<\/a><\/div>\n<div><\/div>\n<div>Para mais informa\u00e7\u00f5es acesse:<\/div>\n<div>Instagram:\u00a0<a href=\"https:\/\/www.instagram.com\/ufpel.cafecomturismo\/\" target=\"_blank\" rel=\"noopener noreferrer\" data-saferedirecturl=\"https:\/\/www.google.com\/url?q=https:\/\/www.instagram.com\/ufpel.cafecomturismo\/&amp;source=gmail&amp;ust=1606934554476000&amp;usg=AFQjCNHHKObKjjep9cbbxvtLFTfgfc12lg\">https:\/\/www.instagram.com\/ufpel.cafecomturismo\/<\/a><\/div>\n<div>P\u00e1gina do projeto no Facebook:\u00a0<a href=\"https:\/\/www.facebook.com\/ufpel.cafecomturismo\" target=\"_blank\" rel=\"noopener noreferrer\" data-saferedirecturl=\"https:\/\/www.google.com\/url?q=https:\/\/www.facebook.com\/ufpel.cafecomturismo&amp;source=gmail&amp;ust=1606934554476000&amp;usg=AFQjCNHi81Bb1MYPbaX-CZWFj6YdCCJ8DQ\">https:\/\/www.facebook.com\/ufpel.cafecomturismo<\/a><\/div>\n<\/div>\n<\/div>\n","protected":false},"excerpt":{"rendered":"<p>O Curso de Turismo realizar\u00e1 na pr\u00f3xima semana (quarta, 9\/12) a \u00faltima edi\u00e7\u00e3o do evento Caf\u00e9 com Turismo neste ano. O evento tem como objetivo oportunizar a troca de experi\u00eancias entre profissionais de Turismo, discentes, egressos, estudantes de outros cursos e institui\u00e7\u00f5es e a comunidade em geral. O evento \u00e9 gratuito e aberto ao p\u00fablico. &hellip; <\/p>\n<p><a class=\"more-link btn\" href=\"https:\/\/wp.ufpel.edu.br\/ccso\/2020\/12\/01\/abertas-as-inscricoes-para-o-cafe-com-turismo\/\">Continue lendo<\/a><\/p>\n","protected":false},"author":1120,"featured_media":0,"comment_status":"closed","ping_status":"closed","sticky":false,"template":"","format":"standard","meta":{"footnotes":""},"categories":[2],"tags":[],"class_list":["post-6641","post","type-post","status-publish","format-standard","hentry","category-sem-categoria","item-wrap"],"jetpack_featured_media_url":"","_links":{"self":[{"href":"https:\/\/wp.ufpel.edu.br\/ccso\/wp-json\/wp\/v2\/posts\/6641","targetHints":{"allow":["GET"]}}],"collection":[{"href":"https:\/\/wp.ufpel.edu.br\/ccso\/wp-json\/wp\/v2\/posts"}],"about":[{"href":"https:\/\/wp.ufpel.edu.br\/ccso\/wp-json\/wp\/v2\/types\/post"}],"author":[{"embeddable":true,"href":"https:\/\/wp.ufpel.edu.br\/ccso\/wp-json\/wp\/v2\/users\/1120"}],"replies":[{"embeddable":true,"href":"https:\/\/wp.ufpel.edu.br\/ccso\/wp-json\/wp\/v2\/comments?post=6641"}],"version-history":[{"count":0,"href":"https:\/\/wp.ufpel.edu.br\/ccso\/wp-json\/wp\/v2\/posts\/6641\/revisions"}],"wp:attachment":[{"href":"https:\/\/wp.ufpel.edu.br\/ccso\/wp-json\/wp\/v2\/media?parent=6641"}],"wp:term":[{"taxonomy":"category","embeddable":true,"href":"https:\/\/wp.ufpel.edu.br\/ccso\/wp-json\/wp\/v2\/categories?post=6641"},{"taxonomy":"post_tag","embeddable":true,"href":"https:\/\/wp.ufpel.edu.br\/ccso\/wp-json\/wp\/v2\/tags?post=6641"}],"curies":[{"name":"wp","href":"https:\/\/api.w.org\/{rel}","templated":true}]}}