{"id":6635,"date":"2020-11-23T10:56:23","date_gmt":"2020-11-23T13:56:23","guid":{"rendered":"https:\/\/wp.ufpel.edu.br\/fat\/?p=6635"},"modified":"2020-11-23T10:56:23","modified_gmt":"2020-11-23T13:56:23","slug":"nota-de-pesar-2","status":"publish","type":"post","link":"https:\/\/wp.ufpel.edu.br\/ccso\/2020\/11\/23\/nota-de-pesar-2\/","title":{"rendered":"Nota de Pesar"},"content":{"rendered":"<p>A Faculdade de Administra\u00e7\u00e3o e de Turismo, da Universidade Federal de Pelotas, comunica, com profundo pesar, o falecimento do discente egresso do curso de Turismo Jeder Nunes na cidade de Cangu\u00e7u. Jeder concluiu sua gradua\u00e7\u00e3o no ano de 2019.<br \/>\nA comunidade acad\u00eamica da Faculdade de Administra\u00e7\u00e3o e de Turismo se solidariza com familiares, amigos e colegas do discente neste momento de dor.<\/p>\n","protected":false},"excerpt":{"rendered":"<p>A Faculdade de Administra\u00e7\u00e3o e de Turismo, da Universidade Federal de Pelotas, comunica, com profundo pesar, o falecimento do discente egresso do curso de Turismo Jeder Nunes na cidade de Cangu\u00e7u. Jeder concluiu sua gradua\u00e7\u00e3o no ano de 2019. A comunidade acad\u00eamica da Faculdade de Administra\u00e7\u00e3o e de Turismo se solidariza com familiares, amigos e &hellip; <\/p>\n<p><a class=\"more-link btn\" href=\"https:\/\/wp.ufpel.edu.br\/ccso\/2020\/11\/23\/nota-de-pesar-2\/\">Continue lendo<\/a><\/p>\n","protected":false},"author":1120,"featured_media":0,"comment_status":"closed","ping_status":"closed","sticky":false,"template":"","format":"standard","meta":{"footnotes":""},"categories":[2],"tags":[],"class_list":["post-6635","post","type-post","status-publish","format-standard","hentry","category-sem-categoria","item-wrap"],"jetpack_featured_media_url":"","_links":{"self":[{"href":"https:\/\/wp.ufpel.edu.br\/ccso\/wp-json\/wp\/v2\/posts\/6635","targetHints":{"allow":["GET"]}}],"collection":[{"href":"https:\/\/wp.ufpel.edu.br\/ccso\/wp-json\/wp\/v2\/posts"}],"about":[{"href":"https:\/\/wp.ufpel.edu.br\/ccso\/wp-json\/wp\/v2\/types\/post"}],"author":[{"embeddable":true,"href":"https:\/\/wp.ufpel.edu.br\/ccso\/wp-json\/wp\/v2\/users\/1120"}],"replies":[{"embeddable":true,"href":"https:\/\/wp.ufpel.edu.br\/ccso\/wp-json\/wp\/v2\/comments?post=6635"}],"version-history":[{"count":0,"href":"https:\/\/wp.ufpel.edu.br\/ccso\/wp-json\/wp\/v2\/posts\/6635\/revisions"}],"wp:attachment":[{"href":"https:\/\/wp.ufpel.edu.br\/ccso\/wp-json\/wp\/v2\/media?parent=6635"}],"wp:term":[{"taxonomy":"category","embeddable":true,"href":"https:\/\/wp.ufpel.edu.br\/ccso\/wp-json\/wp\/v2\/categories?post=6635"},{"taxonomy":"post_tag","embeddable":true,"href":"https:\/\/wp.ufpel.edu.br\/ccso\/wp-json\/wp\/v2\/tags?post=6635"}],"curies":[{"name":"wp","href":"https:\/\/api.w.org\/{rel}","templated":true}]}}