{"id":4174,"date":"2017-06-13T15:11:12","date_gmt":"2017-06-13T18:11:12","guid":{"rendered":"https:\/\/wp.ufpel.edu.br\/fat\/?p=4174"},"modified":"2017-06-13T15:11:12","modified_gmt":"2017-06-13T18:11:12","slug":"dialogafat-a-mais-nova-acao-da-faculdade-de-administracao-e-de-turismo","status":"publish","type":"post","link":"https:\/\/wp.ufpel.edu.br\/ccso\/2017\/06\/13\/dialogafat-a-mais-nova-acao-da-faculdade-de-administracao-e-de-turismo\/","title":{"rendered":"#dialogaFAT &#8211; A mais nova a\u00e7\u00e3o da Faculdade de Administra\u00e7\u00e3o e de Turismo"},"content":{"rendered":"<p>Estamos promovendo um nova a\u00e7\u00e3o:\u00a0<b>#dialogaFAT<\/b><\/p>\n<p>As atividades come\u00e7am em junho!<\/p>\n<div>A inten\u00e7\u00e3o \u00e9 trazer convidados para falar sobre temas atuais no \u00e2mbito de nossos cursos de gradua\u00e7\u00e3o, nos turnos da tarde e da noite, em dias e hor\u00e1rios alternados, com dura\u00e7\u00e3o de uma hora de palestra e 15 minutos para o coffee break.<\/div>\n<div>\n<div>Para participar \u00e9 necess\u00e1rio inscrever-se, pois o local tem limita\u00e7\u00e3o de lugares. A cada evento, o participante receber\u00e1 atestado de 90 minutos.<\/div>\n<div>Nossa primeira a\u00e7\u00e3o \u00e9 a seguinte Palestra:<\/div>\n<div><\/div>\n<div><b>Incubadora de Empresas: o que \u00e9 e para que serve?<br \/>\nDia: 22 junho de 2017<br \/>\nLocal: Audit\u00f3rio da Reitoria, 4\u00ba andar, Campus Porto.<br \/>\nHora: 19:00 hrs<br \/>\nSinopse:<br \/>\nApresenta\u00e7\u00e3o da Conectar &#8211; Incubadora de base tecnol\u00f3gica da UFPel. <\/b><\/div>\n<div><b>Empresas incubadas na Conectar. <\/b><\/div>\n<div><b><b>Jovens empresas que desenvolvem produtos ou servi\u00e7os inovadores. Desenvolva seu negocio na Conectar.<br \/>\nInscreva-se e Participe:<br \/>\n<a href=\"https:\/\/goo.gl\/forms\/NryBtrmioisOJfVZ2\" target=\"_blank\" rel=\"noopener noreferrer\">https:\/\/goo.gl\/forms\/NryBtrmioisOJfVZ2<\/a><\/b><\/b>&nbsp;<\/p>\n<\/div>\n<\/div>\n","protected":false},"excerpt":{"rendered":"<p>Estamos promovendo um nova a\u00e7\u00e3o:\u00a0#dialogaFAT As atividades come\u00e7am em junho! A inten\u00e7\u00e3o \u00e9 trazer convidados para falar sobre temas atuais no \u00e2mbito de nossos cursos de gradua\u00e7\u00e3o, nos turnos da tarde e da noite, em dias e hor\u00e1rios alternados, com dura\u00e7\u00e3o de uma hora de palestra e 15 minutos para o coffee break. Para participar &hellip; <\/p>\n<p><a class=\"more-link btn\" href=\"https:\/\/wp.ufpel.edu.br\/ccso\/2017\/06\/13\/dialogafat-a-mais-nova-acao-da-faculdade-de-administracao-e-de-turismo\/\">Continue lendo<\/a><\/p>\n","protected":false},"author":1120,"featured_media":0,"comment_status":"closed","ping_status":"closed","sticky":false,"template":"","format":"standard","meta":{"footnotes":""},"categories":[2],"tags":[],"class_list":["post-4174","post","type-post","status-publish","format-standard","hentry","category-sem-categoria","item-wrap"],"jetpack_featured_media_url":"","_links":{"self":[{"href":"https:\/\/wp.ufpel.edu.br\/ccso\/wp-json\/wp\/v2\/posts\/4174","targetHints":{"allow":["GET"]}}],"collection":[{"href":"https:\/\/wp.ufpel.edu.br\/ccso\/wp-json\/wp\/v2\/posts"}],"about":[{"href":"https:\/\/wp.ufpel.edu.br\/ccso\/wp-json\/wp\/v2\/types\/post"}],"author":[{"embeddable":true,"href":"https:\/\/wp.ufpel.edu.br\/ccso\/wp-json\/wp\/v2\/users\/1120"}],"replies":[{"embeddable":true,"href":"https:\/\/wp.ufpel.edu.br\/ccso\/wp-json\/wp\/v2\/comments?post=4174"}],"version-history":[{"count":0,"href":"https:\/\/wp.ufpel.edu.br\/ccso\/wp-json\/wp\/v2\/posts\/4174\/revisions"}],"wp:attachment":[{"href":"https:\/\/wp.ufpel.edu.br\/ccso\/wp-json\/wp\/v2\/media?parent=4174"}],"wp:term":[{"taxonomy":"category","embeddable":true,"href":"https:\/\/wp.ufpel.edu.br\/ccso\/wp-json\/wp\/v2\/categories?post=4174"},{"taxonomy":"post_tag","embeddable":true,"href":"https:\/\/wp.ufpel.edu.br\/ccso\/wp-json\/wp\/v2\/tags?post=4174"}],"curies":[{"name":"wp","href":"https:\/\/api.w.org\/{rel}","templated":true}]}}