{"id":3555,"date":"2016-04-25T14:55:32","date_gmt":"2016-04-25T17:55:32","guid":{"rendered":"https:\/\/wp.ufpel.edu.br\/fat\/?p=3555"},"modified":"2016-04-25T14:55:32","modified_gmt":"2016-04-25T17:55:32","slug":"palestra-sobre-negocios-de-impacto-social","status":"publish","type":"post","link":"https:\/\/wp.ufpel.edu.br\/ccso\/2016\/04\/25\/palestra-sobre-negocios-de-impacto-social\/","title":{"rendered":"PALESTRA SOBRE NEG\u00d3CIOS DE IMPACTO SOCIAL"},"content":{"rendered":"<p>O palestrante Vitor Cintra Lima (Acad\u00eamico da Engenharia de Materiais &#8211; UFPEL ), embaixador da CHOICE no Brasil, esteve no dia 08\/04\/2016 conversando com a turma do quinto semestre do curso de Tecnologia em Processos Gerenciais, na disciplina de Estudos Avan\u00e7ados em Desenvolvimento Gerencial, ministrado pela Profa. Dra. Isabel Cristina Rosa Barros Rasia. o tema da palestra visava a reflex\u00e3o sobre empreendodorismo em neg\u00f3cios de impacto social (empresas que oferecem, de forma intencional, solu\u00e7\u00f5es escal\u00e1veis para os problemas sociais da popula\u00e7\u00e3o de baixa renda). A discuss\u00e3o visou\u00a0<strong>difundir o tema de neg\u00f3cios de impacto social entre os universit\u00e1rios brasileiros,<\/strong>onde abordou-se o conceito de Pobreza; Neg\u00f3cios de Impacto Social; mostrando casos reais bem sucedidos no Brasil e no mundo. Realizou-se uma atividade pr\u00e1tica, na qual o aluno discutiu sobre as problem\u00e1ticas sociais, a possibilidade de criar poss\u00edveis solu\u00e7\u00f5es a partir de ideias inovadoras, e ap\u00f3s este exerc\u00edcio, apresentam para o grupo, gerando debates sobre o tema.<\/p>\n<p>A foto mostra os alunos fazendo o s\u00edmbolo de neg\u00f3cios sustent\u00e1veis com as m\u00e3os, e a outra, o exerc\u00edcio realizado em aula.<\/p>\n<p><a href=\"https:\/\/wp.ufpel.edu.br\/fat\/2016\/04\/25\/palestra-sobre-negocios-de-impacto-social\/captura-de-tela-2016-04-08-as-21-41-22\/\" rel=\"attachment wp-att-3557\"><img loading=\"lazy\" decoding=\"async\" class=\"alignleft size-medium wp-image-3557\" src=\"https:\/\/wp.ufpel.edu.br\/ccso\/files\/2016\/04\/Captura-de-Tela-2016-04-08-a\u0300s-21.41.22-300x158.png\" alt=\"Captura de Tela 2016-04-08 a\u0300s 21.41.22\" width=\"300\" height=\"158\" \/><\/a> <a href=\"https:\/\/wp.ufpel.edu.br\/fat\/2016\/04\/25\/palestra-sobre-negocios-de-impacto-social\/captura-de-tela-2016-04-19-as-11-11-10\/\" rel=\"attachment wp-att-3558\"><img loading=\"lazy\" decoding=\"async\" class=\"alignleft size-medium wp-image-3558\" src=\"https:\/\/wp.ufpel.edu.br\/ccso\/files\/2016\/04\/Captura-de-Tela-2016-04-19-a\u0300s-11.11.10-300x150.png\" alt=\"Captura de Tela 2016-04-19 a\u0300s 11.11.10\" width=\"300\" height=\"150\" \/><\/a><\/p>\n","protected":false},"excerpt":{"rendered":"<p>O palestrante Vitor Cintra Lima (Acad\u00eamico da Engenharia de Materiais &#8211; UFPEL ), embaixador da CHOICE no Brasil, esteve no dia 08\/04\/2016 conversando com a turma do quinto semestre do curso de Tecnologia em Processos Gerenciais, na disciplina de Estudos Avan\u00e7ados em Desenvolvimento Gerencial, ministrado pela Profa. Dra. Isabel Cristina Rosa Barros Rasia. o tema &hellip; <\/p>\n<p><a class=\"more-link btn\" href=\"https:\/\/wp.ufpel.edu.br\/ccso\/2016\/04\/25\/palestra-sobre-negocios-de-impacto-social\/\">Continue lendo<\/a><\/p>\n","protected":false},"author":1120,"featured_media":0,"comment_status":"closed","ping_status":"closed","sticky":false,"template":"","format":"standard","meta":{"footnotes":""},"categories":[2],"tags":[],"class_list":["post-3555","post","type-post","status-publish","format-standard","hentry","category-sem-categoria","item-wrap"],"jetpack_featured_media_url":"","_links":{"self":[{"href":"https:\/\/wp.ufpel.edu.br\/ccso\/wp-json\/wp\/v2\/posts\/3555","targetHints":{"allow":["GET"]}}],"collection":[{"href":"https:\/\/wp.ufpel.edu.br\/ccso\/wp-json\/wp\/v2\/posts"}],"about":[{"href":"https:\/\/wp.ufpel.edu.br\/ccso\/wp-json\/wp\/v2\/types\/post"}],"author":[{"embeddable":true,"href":"https:\/\/wp.ufpel.edu.br\/ccso\/wp-json\/wp\/v2\/users\/1120"}],"replies":[{"embeddable":true,"href":"https:\/\/wp.ufpel.edu.br\/ccso\/wp-json\/wp\/v2\/comments?post=3555"}],"version-history":[{"count":0,"href":"https:\/\/wp.ufpel.edu.br\/ccso\/wp-json\/wp\/v2\/posts\/3555\/revisions"}],"wp:attachment":[{"href":"https:\/\/wp.ufpel.edu.br\/ccso\/wp-json\/wp\/v2\/media?parent=3555"}],"wp:term":[{"taxonomy":"category","embeddable":true,"href":"https:\/\/wp.ufpel.edu.br\/ccso\/wp-json\/wp\/v2\/categories?post=3555"},{"taxonomy":"post_tag","embeddable":true,"href":"https:\/\/wp.ufpel.edu.br\/ccso\/wp-json\/wp\/v2\/tags?post=3555"}],"curies":[{"name":"wp","href":"https:\/\/api.w.org\/{rel}","templated":true}]}}