{"id":677,"date":"2021-04-08T16:10:30","date_gmt":"2021-04-08T19:10:30","guid":{"rendered":"https:\/\/wp.ufpel.edu.br\/ccqfa\/?p=677"},"modified":"2021-04-08T16:10:30","modified_gmt":"2021-04-08T19:10:30","slug":"divulgacao-da-lista-de-eleitores-eleicoes-da-direcao-e-da-direcao-adjunta-do-ccqfa-e-da-chefia-do-nucleo-administrativo-do-ccqfa","status":"publish","type":"post","link":"https:\/\/wp.ufpel.edu.br\/ccqfa\/2021\/04\/08\/divulgacao-da-lista-de-eleitores-eleicoes-da-direcao-e-da-direcao-adjunta-do-ccqfa-e-da-chefia-do-nucleo-administrativo-do-ccqfa\/","title":{"rendered":"Divulga\u00e7\u00e3o da Lista de Eleitores &#8211; Elei\u00e7\u00f5es da Dire\u00e7\u00e3o e da Dire\u00e7\u00e3o Adjunta do CCQFA e da Chefia do N\u00facleo Administrativo do CCQFA"},"content":{"rendered":"<p>Seguem abaixo os arquivos em .pdf das listas de eleitores para as Elei\u00e7\u00f5es da Dire\u00e7\u00e3o e da Dire\u00e7\u00e3o Adjunta do CCQFA e da Chefia do N\u00facleo Administrativo do CCQFA:<\/p>\n<p><a href=\"https:\/\/wp.ufpel.edu.br\/ccqfa\/files\/2021\/04\/ListadeEleitores-Docentes-CCQFA.pdf\">ListadeEleitores-Docentes-CCQFA<\/a><\/p>\n<p><a href=\"https:\/\/wp.ufpel.edu.br\/ccqfa\/files\/2021\/04\/ListadeEleitores-Tecnicos-Administrativos-CCQFA.pdf\">ListadeEleitores-T\u00e9cnicos-Administrativos-CCQFA<\/a><\/p>\n<p><a href=\"https:\/\/wp.ufpel.edu.br\/ccqfa\/files\/2021\/04\/ListadeEleitores-DiscentesGraduacao-CCQFA.pdf\">ListadeEleitores-DiscentesGradua\u00e7\u00e3o-CCQFA<\/a><\/p>\n<p><a href=\"https:\/\/wp.ufpel.edu.br\/ccqfa\/files\/2021\/04\/ListadeEleitores-DiscentesPos-Graduacao-CCQFA.pdf\">ListadeEleitores-DiscentesP\u00f3s-Gradua\u00e7\u00e3o-CCQFA<\/a><\/p>\n<p>Lembrando-lhes que todos devem consultar essas listas e caso n\u00e3o localizem o seu nome, devem informar at\u00e9 o dia 12\/04\/2021 ao e-mail:\u00a0<span style=\"color: #0000ff\"><a href=\"mailto:eleicaoccqfa2021@gmail.com\" target=\"_blank\" rel=\"noopener noreferrer\">eleicaoccqfa2021@gmail.com<\/a><\/span>, para que o nome seja inclu\u00eddo na lista definitiva.<\/p>\n","protected":false},"excerpt":{"rendered":"<p>Seguem abaixo os arquivos em .pdf das listas de eleitores para as Elei\u00e7\u00f5es da Dire\u00e7\u00e3o e da Dire\u00e7\u00e3o Adjunta do CCQFA e da Chefia do N\u00facleo Administrativo do CCQFA: ListadeEleitores-Docentes-CCQFA ListadeEleitores-T\u00e9cnicos-Administrativos-CCQFA ListadeEleitores-DiscentesGradua\u00e7\u00e3o-CCQFA ListadeEleitores-DiscentesP\u00f3s-Gradua\u00e7\u00e3o-CCQFA Lembrando-lhes que todos devem consultar essas listas e caso n\u00e3o localizem o seu nome, devem informar at\u00e9 o dia 12\/04\/2021 ao e-mail:\u00a0eleicaoccqfa2021@gmail.com, [&hellip;]<\/p>\n","protected":false},"author":273,"featured_media":0,"comment_status":"closed","ping_status":"closed","sticky":false,"template":"","format":"standard","meta":{"footnotes":""},"categories":[18],"tags":[],"class_list":["post-677","post","type-post","status-publish","format-standard","hentry","category-sem-categoria"],"jetpack_featured_media_url":"","_links":{"self":[{"href":"https:\/\/wp.ufpel.edu.br\/ccqfa\/wp-json\/wp\/v2\/posts\/677","targetHints":{"allow":["GET"]}}],"collection":[{"href":"https:\/\/wp.ufpel.edu.br\/ccqfa\/wp-json\/wp\/v2\/posts"}],"about":[{"href":"https:\/\/wp.ufpel.edu.br\/ccqfa\/wp-json\/wp\/v2\/types\/post"}],"author":[{"embeddable":true,"href":"https:\/\/wp.ufpel.edu.br\/ccqfa\/wp-json\/wp\/v2\/users\/273"}],"replies":[{"embeddable":true,"href":"https:\/\/wp.ufpel.edu.br\/ccqfa\/wp-json\/wp\/v2\/comments?post=677"}],"version-history":[{"count":3,"href":"https:\/\/wp.ufpel.edu.br\/ccqfa\/wp-json\/wp\/v2\/posts\/677\/revisions"}],"predecessor-version":[{"id":685,"href":"https:\/\/wp.ufpel.edu.br\/ccqfa\/wp-json\/wp\/v2\/posts\/677\/revisions\/685"}],"wp:attachment":[{"href":"https:\/\/wp.ufpel.edu.br\/ccqfa\/wp-json\/wp\/v2\/media?parent=677"}],"wp:term":[{"taxonomy":"category","embeddable":true,"href":"https:\/\/wp.ufpel.edu.br\/ccqfa\/wp-json\/wp\/v2\/categories?post=677"},{"taxonomy":"post_tag","embeddable":true,"href":"https:\/\/wp.ufpel.edu.br\/ccqfa\/wp-json\/wp\/v2\/tags?post=677"}],"curies":[{"name":"wp","href":"https:\/\/api.w.org\/{rel}","templated":true}]}}