{"id":558,"date":"2017-12-15T16:46:17","date_gmt":"2017-12-15T18:46:17","guid":{"rendered":"https:\/\/wp.ufpel.edu.br\/ccqfa\/?p=558"},"modified":"2017-12-15T16:46:17","modified_gmt":"2017-12-15T18:46:17","slug":"projeto-gama-divulga-turma-para-o-segundo-encontro-de-calculo-3-de-2017-1","status":"publish","type":"post","link":"https:\/\/wp.ufpel.edu.br\/ccqfa\/2017\/12\/15\/projeto-gama-divulga-turma-para-o-segundo-encontro-de-calculo-3-de-2017-1\/","title":{"rendered":"Projeto GAMA divulga turma para o Segundo Encontro de C\u00e1lculo 3 de 2017\/1."},"content":{"rendered":"<p class=\"m_-6270127230042911802gmail-MsoNormal\"><span style=\"font-size: small\">O Projeto GAMA: Grupo de Apoio em Matem\u00e1tica, mantido em parceria com o Instituto de F\u00edsica e Matem\u00e1tica (IFM) e Pr\u00f3-reitoria de Ensino (PRE)\u00a0divulga\u00a0a\u00a0<\/span><span style=\"font-size: small\">turma para<\/span><span style=\"font-size: small\">\u00a0o\u00a0<b>Segundo Encontro de C\u00e1lculo 3<\/b>\u00a0de 2017\/1, que ocorrer\u00e1 neste s\u00e1bado (16\/12\/17) das 8:00 \u00e0s 12:00 na sala 208 do Campus II (<a href=\"https:\/\/maps.google.com\/?q=Rua+Almirante+Barroso,+1202+-+Centro+-+Pelotas&amp;entry=gmail&amp;source=g\">Rua Almirante Barroso, 1202 &#8211; Centro &#8211; Pelotas<\/a>).<\/span><\/p>\n<div>O Segundo Encontro de C\u00e1lculo 3 ser\u00e1 ministrado pelo monitor Jo\u00e3o In\u00e1cio Bezerra, acad\u00eamico do curso de Engenharia da Computa\u00e7\u00e3o e bolsista do GAMA, e acompanhado pela professora doutora Rejane Pergher, do Departamento de Matem\u00e1tica e Estat\u00edstica da UFPel.<\/div>\n<p><span style=\"font-size: small\">A rela\u00e7\u00e3o completa com os acad\u00eamicos\u00a0e as respectivas turmas\u00a0est\u00e1 dispon\u00edvel na p\u00e1gina do Projeto GAMA:\u00a0<a href=\"https:\/\/wp.ufpel.edu.br\/projetogama\/\" target=\"_blank\" rel=\"noopener\">https:\/\/wp.ufpel.edu.br\/projetogama\/<\/a><\/span><span style=\"font-size: small\"><\/p>\n<p>D\u00favidas podem ser esclarecidas atrav\u00e9s do email\u00a0<a href=\"mailto:gama.ufpel@gmail.com\" target=\"_blank\" rel=\"noopener\">gama.ufpel@gmail.com<\/a><br \/>\n<\/span><\/p>\n<p class=\"m_-6270127230042911802gmail-MsoNormal\"><span style=\"font-size: small\">O projeto GAMA, chamado inicialmente de Projeto\u00a0<i>T\u00f3picos de Matem\u00e1tica Elementar: Matem\u00e1tica B\u00e1sica \u2013 Inicia\u00e7\u00e3o ao C\u00e1lculo (TME)\u00a0<\/i>existe desde 2010, tendo como principal objetivo refor\u00e7ar conceitos em matem\u00e1tica de ensino b\u00e1sico e superior, atrav\u00e9s de cursos preparat\u00f3rios para o c\u00e1lculo, atividades de refor\u00e7o e de monitoria ao longo do semestre letivo. Com estas a\u00e7\u00f5es, pretende-se melhorar a aprendizagem de matem\u00e1tica nos cursos superiores da UFPel e, consequentemente, diminuir os \u00edndices de reprova\u00e7\u00e3o e evas\u00e3o dos alunos participantes nas disciplinas iniciais de matem\u00e1tica. O projeto conta atualmente com 13 bolsistas de v\u00e1rios cursos da UFPel.<br \/>\n<\/span><\/p>\n","protected":false},"excerpt":{"rendered":"<p>O Projeto GAMA: Grupo de Apoio em Matem\u00e1tica, mantido em parceria com o Instituto de F\u00edsica e Matem\u00e1tica (IFM) e Pr\u00f3-reitoria de Ensino (PRE)\u00a0divulga\u00a0a\u00a0turma para\u00a0o\u00a0Segundo Encontro de C\u00e1lculo 3\u00a0de 2017\/1, que ocorrer\u00e1 neste s\u00e1bado (16\/12\/17) das 8:00 \u00e0s 12:00 na sala 208 do Campus II (Rua Almirante Barroso, 1202 &#8211; Centro &#8211; Pelotas). O Segundo [&hellip;]<\/p>\n","protected":false},"author":273,"featured_media":0,"comment_status":"closed","ping_status":"closed","sticky":false,"template":"","format":"standard","meta":{"footnotes":""},"categories":[18],"tags":[],"class_list":["post-558","post","type-post","status-publish","format-standard","hentry","category-sem-categoria"],"jetpack_featured_media_url":"","_links":{"self":[{"href":"https:\/\/wp.ufpel.edu.br\/ccqfa\/wp-json\/wp\/v2\/posts\/558","targetHints":{"allow":["GET"]}}],"collection":[{"href":"https:\/\/wp.ufpel.edu.br\/ccqfa\/wp-json\/wp\/v2\/posts"}],"about":[{"href":"https:\/\/wp.ufpel.edu.br\/ccqfa\/wp-json\/wp\/v2\/types\/post"}],"author":[{"embeddable":true,"href":"https:\/\/wp.ufpel.edu.br\/ccqfa\/wp-json\/wp\/v2\/users\/273"}],"replies":[{"embeddable":true,"href":"https:\/\/wp.ufpel.edu.br\/ccqfa\/wp-json\/wp\/v2\/comments?post=558"}],"version-history":[{"count":1,"href":"https:\/\/wp.ufpel.edu.br\/ccqfa\/wp-json\/wp\/v2\/posts\/558\/revisions"}],"predecessor-version":[{"id":560,"href":"https:\/\/wp.ufpel.edu.br\/ccqfa\/wp-json\/wp\/v2\/posts\/558\/revisions\/560"}],"wp:attachment":[{"href":"https:\/\/wp.ufpel.edu.br\/ccqfa\/wp-json\/wp\/v2\/media?parent=558"}],"wp:term":[{"taxonomy":"category","embeddable":true,"href":"https:\/\/wp.ufpel.edu.br\/ccqfa\/wp-json\/wp\/v2\/categories?post=558"},{"taxonomy":"post_tag","embeddable":true,"href":"https:\/\/wp.ufpel.edu.br\/ccqfa\/wp-json\/wp\/v2\/tags?post=558"}],"curies":[{"name":"wp","href":"https:\/\/api.w.org\/{rel}","templated":true}]}}