{"id":1286,"date":"2025-03-11T22:05:40","date_gmt":"2025-03-12T01:05:40","guid":{"rendered":"https:\/\/wp.ufpel.edu.br\/ccqfa\/?p=1286"},"modified":"2025-03-11T22:05:44","modified_gmt":"2025-03-12T01:05:44","slug":"lista-de-aptos-a-votar-nas-eleicoes-para-representante-discente-de-pos-graduacao-junto-ao-conselho-do-ccqfa-2","status":"publish","type":"post","link":"https:\/\/wp.ufpel.edu.br\/ccqfa\/2025\/03\/11\/lista-de-aptos-a-votar-nas-eleicoes-para-representante-discente-de-pos-graduacao-junto-ao-conselho-do-ccqfa-2\/","title":{"rendered":"Lista de Aptos a Votar nas Elei\u00e7\u00f5es para Representante Discente de P\u00f3s-Gradua\u00e7\u00e3o junto ao Conselho do CCQFA"},"content":{"rendered":"<p><img src=\"https:\/\/wp.ufpel.edu.br\/ccqfa\/files\/2025\/02\/Lista_aptos_votar_Pos_Graduacao_page-0001.jpg\" \/><\/p>\n<p><img src=\"https:\/\/wp.ufpel.edu.br\/ccqfa\/files\/2025\/02\/Lista_aptos_votar_Pos_Graduacao_page-0002.jpg\" \/><\/p>\n<p><img src=\"https:\/\/wp.ufpel.edu.br\/ccqfa\/files\/2025\/02\/Lista_aptos_votar_Pos_Graduacao_page-0003.jpg\" \/><\/p>\n<p><img src=\"https:\/\/wp.ufpel.edu.br\/ccqfa\/files\/2025\/02\/Lista_aptos_votar_Pos_Graduacao_page-0004.jpg\" \/><\/p>\n","protected":false},"excerpt":{"rendered":"","protected":false},"author":273,"featured_media":0,"comment_status":"closed","ping_status":"closed","sticky":false,"template":"","format":"standard","meta":{"footnotes":""},"categories":[18],"tags":[],"class_list":["post-1286","post","type-post","status-publish","format-standard","hentry","category-sem-categoria"],"jetpack_featured_media_url":"","_links":{"self":[{"href":"https:\/\/wp.ufpel.edu.br\/ccqfa\/wp-json\/wp\/v2\/posts\/1286","targetHints":{"allow":["GET"]}}],"collection":[{"href":"https:\/\/wp.ufpel.edu.br\/ccqfa\/wp-json\/wp\/v2\/posts"}],"about":[{"href":"https:\/\/wp.ufpel.edu.br\/ccqfa\/wp-json\/wp\/v2\/types\/post"}],"author":[{"embeddable":true,"href":"https:\/\/wp.ufpel.edu.br\/ccqfa\/wp-json\/wp\/v2\/users\/273"}],"replies":[{"embeddable":true,"href":"https:\/\/wp.ufpel.edu.br\/ccqfa\/wp-json\/wp\/v2\/comments?post=1286"}],"version-history":[{"count":1,"href":"https:\/\/wp.ufpel.edu.br\/ccqfa\/wp-json\/wp\/v2\/posts\/1286\/revisions"}],"predecessor-version":[{"id":1287,"href":"https:\/\/wp.ufpel.edu.br\/ccqfa\/wp-json\/wp\/v2\/posts\/1286\/revisions\/1287"}],"wp:attachment":[{"href":"https:\/\/wp.ufpel.edu.br\/ccqfa\/wp-json\/wp\/v2\/media?parent=1286"}],"wp:term":[{"taxonomy":"category","embeddable":true,"href":"https:\/\/wp.ufpel.edu.br\/ccqfa\/wp-json\/wp\/v2\/categories?post=1286"},{"taxonomy":"post_tag","embeddable":true,"href":"https:\/\/wp.ufpel.edu.br\/ccqfa\/wp-json\/wp\/v2\/tags?post=1286"}],"curies":[{"name":"wp","href":"https:\/\/api.w.org\/{rel}","templated":true}]}}