{"id":1257,"date":"2025-02-24T17:16:32","date_gmt":"2025-02-24T20:16:32","guid":{"rendered":"https:\/\/wp.ufpel.edu.br\/ccqfa\/?p=1257"},"modified":"2025-02-24T17:16:36","modified_gmt":"2025-02-24T20:16:36","slug":"lista-de-aptos-a-votar-nas-eleicoes-para-representante-discente-de-pos-graduacao-junto-ao-conselho-do-ccqfa","status":"publish","type":"post","link":"https:\/\/wp.ufpel.edu.br\/ccqfa\/2025\/02\/24\/lista-de-aptos-a-votar-nas-eleicoes-para-representante-discente-de-pos-graduacao-junto-ao-conselho-do-ccqfa\/","title":{"rendered":"Lista de Aptos a Votar nas Elei\u00e7\u00f5es para Representante Discente de P\u00f3s-Gradua\u00e7\u00e3o junto ao Conselho do CCQFA"},"content":{"rendered":"<p><img src=\"https:\/\/wp.ufpel.edu.br\/ccqfa\/files\/2025\/02\/Lista_aptos_votar_Pos_Graduacao_page-0001.jpg\" \/><\/p>\n<p><img src=\"https:\/\/wp.ufpel.edu.br\/ccqfa\/files\/2025\/02\/Lista_aptos_votar_Pos_Graduacao_page-0002.jpg\" \/><\/p>\n<p><img src=\"https:\/\/wp.ufpel.edu.br\/ccqfa\/files\/2025\/02\/Lista_aptos_votar_Pos_Graduacao_page-0003.jpg\" \/><\/p>\n<p><img src=\"https:\/\/wp.ufpel.edu.br\/ccqfa\/files\/2025\/02\/Lista_aptos_votar_Pos_Graduacao_page-0004.jpg\" \/><\/p>\n","protected":false},"excerpt":{"rendered":"","protected":false},"author":273,"featured_media":0,"comment_status":"closed","ping_status":"closed","sticky":false,"template":"","format":"standard","meta":{"footnotes":""},"categories":[18],"tags":[],"class_list":["post-1257","post","type-post","status-publish","format-standard","hentry","category-sem-categoria"],"jetpack_featured_media_url":"","_links":{"self":[{"href":"https:\/\/wp.ufpel.edu.br\/ccqfa\/wp-json\/wp\/v2\/posts\/1257","targetHints":{"allow":["GET"]}}],"collection":[{"href":"https:\/\/wp.ufpel.edu.br\/ccqfa\/wp-json\/wp\/v2\/posts"}],"about":[{"href":"https:\/\/wp.ufpel.edu.br\/ccqfa\/wp-json\/wp\/v2\/types\/post"}],"author":[{"embeddable":true,"href":"https:\/\/wp.ufpel.edu.br\/ccqfa\/wp-json\/wp\/v2\/users\/273"}],"replies":[{"embeddable":true,"href":"https:\/\/wp.ufpel.edu.br\/ccqfa\/wp-json\/wp\/v2\/comments?post=1257"}],"version-history":[{"count":1,"href":"https:\/\/wp.ufpel.edu.br\/ccqfa\/wp-json\/wp\/v2\/posts\/1257\/revisions"}],"predecessor-version":[{"id":1262,"href":"https:\/\/wp.ufpel.edu.br\/ccqfa\/wp-json\/wp\/v2\/posts\/1257\/revisions\/1262"}],"wp:attachment":[{"href":"https:\/\/wp.ufpel.edu.br\/ccqfa\/wp-json\/wp\/v2\/media?parent=1257"}],"wp:term":[{"taxonomy":"category","embeddable":true,"href":"https:\/\/wp.ufpel.edu.br\/ccqfa\/wp-json\/wp\/v2\/categories?post=1257"},{"taxonomy":"post_tag","embeddable":true,"href":"https:\/\/wp.ufpel.edu.br\/ccqfa\/wp-json\/wp\/v2\/tags?post=1257"}],"curies":[{"name":"wp","href":"https:\/\/api.w.org\/{rel}","templated":true}]}}