{"id":1212,"date":"2025-02-05T13:47:03","date_gmt":"2025-02-05T16:47:03","guid":{"rendered":"https:\/\/wp.ufpel.edu.br\/ccqfa\/?p=1212"},"modified":"2025-02-05T13:47:07","modified_gmt":"2025-02-05T16:47:07","slug":"edital-das-eleicoes-para-representante-discente-de-graduacao-no-conselho-do-centro-2","status":"publish","type":"post","link":"https:\/\/wp.ufpel.edu.br\/ccqfa\/2025\/02\/05\/edital-das-eleicoes-para-representante-discente-de-graduacao-no-conselho-do-centro-2\/","title":{"rendered":"Edital das Elei\u00e7\u00f5es para Representante Discente de Gradua\u00e7\u00e3o no Conselho do Centro"},"content":{"rendered":"<p><img src=\"https:\/\/wp.ufpel.edu.br\/ccqfa\/files\/2025\/02\/SEI_2940147_Edital_01_2025_Graduacao_page-0001.jpg\" \/><\/p>\n<p><img src=\"https:\/\/wp.ufpel.edu.br\/ccqfa\/files\/2025\/02\/SEI_2940147_Edital_01_2025_Graduacao_page-0002.jpg\" \/><\/p>\n<p><img src=\"https:\/\/wp.ufpel.edu.br\/ccqfa\/files\/2025\/02\/SEI_2940147_Edital_01_2025_Graduacao_page-0003.jpg\" \/><\/p>\n","protected":false},"excerpt":{"rendered":"","protected":false},"author":273,"featured_media":0,"comment_status":"closed","ping_status":"closed","sticky":false,"template":"","format":"standard","meta":{"footnotes":""},"categories":[18],"tags":[],"class_list":["post-1212","post","type-post","status-publish","format-standard","hentry","category-sem-categoria"],"jetpack_featured_media_url":"","_links":{"self":[{"href":"https:\/\/wp.ufpel.edu.br\/ccqfa\/wp-json\/wp\/v2\/posts\/1212","targetHints":{"allow":["GET"]}}],"collection":[{"href":"https:\/\/wp.ufpel.edu.br\/ccqfa\/wp-json\/wp\/v2\/posts"}],"about":[{"href":"https:\/\/wp.ufpel.edu.br\/ccqfa\/wp-json\/wp\/v2\/types\/post"}],"author":[{"embeddable":true,"href":"https:\/\/wp.ufpel.edu.br\/ccqfa\/wp-json\/wp\/v2\/users\/273"}],"replies":[{"embeddable":true,"href":"https:\/\/wp.ufpel.edu.br\/ccqfa\/wp-json\/wp\/v2\/comments?post=1212"}],"version-history":[{"count":1,"href":"https:\/\/wp.ufpel.edu.br\/ccqfa\/wp-json\/wp\/v2\/posts\/1212\/revisions"}],"predecessor-version":[{"id":1217,"href":"https:\/\/wp.ufpel.edu.br\/ccqfa\/wp-json\/wp\/v2\/posts\/1212\/revisions\/1217"}],"wp:attachment":[{"href":"https:\/\/wp.ufpel.edu.br\/ccqfa\/wp-json\/wp\/v2\/media?parent=1212"}],"wp:term":[{"taxonomy":"category","embeddable":true,"href":"https:\/\/wp.ufpel.edu.br\/ccqfa\/wp-json\/wp\/v2\/categories?post=1212"},{"taxonomy":"post_tag","embeddable":true,"href":"https:\/\/wp.ufpel.edu.br\/ccqfa\/wp-json\/wp\/v2\/tags?post=1212"}],"curies":[{"name":"wp","href":"https:\/\/api.w.org\/{rel}","templated":true}]}}