{"id":1026,"date":"2023-04-20T14:30:56","date_gmt":"2023-04-20T17:30:56","guid":{"rendered":"https:\/\/wp.ufpel.edu.br\/ccqfa\/?p=1026"},"modified":"2023-04-20T14:31:25","modified_gmt":"2023-04-20T17:31:25","slug":"homologacao-das-inscricoes-para-as-eleicoes-de-representacao-discente-de-graduacao-junto-ao-conselho-do-ccqfa-2","status":"publish","type":"post","link":"https:\/\/wp.ufpel.edu.br\/ccqfa\/2023\/04\/20\/homologacao-das-inscricoes-para-as-eleicoes-de-representacao-discente-de-graduacao-junto-ao-conselho-do-ccqfa-2\/","title":{"rendered":"Homologa\u00e7\u00e3o das Inscri\u00e7\u00f5es para as Elei\u00e7\u00f5es de Representa\u00e7\u00e3o Discente de Gradua\u00e7\u00e3o junto ao Conselho do CCQFA"},"content":{"rendered":"<p><img class=\"aligncenter size-full wp-image-1027\" src=\"https:\/\/wp.ufpel.edu.br\/ccqfa\/files\/2023\/04\/SEI_23110.011761_2023_40_page-0001-2.jpg\" alt=\"\" width=\"1240\" height=\"1755\" srcset=\"https:\/\/wp.ufpel.edu.br\/ccqfa\/files\/2023\/04\/SEI_23110.011761_2023_40_page-0001-2.jpg 1240w, https:\/\/wp.ufpel.edu.br\/ccqfa\/files\/2023\/04\/SEI_23110.011761_2023_40_page-0001-2-283x400.jpg 283w, https:\/\/wp.ufpel.edu.br\/ccqfa\/files\/2023\/04\/SEI_23110.011761_2023_40_page-0001-2-724x1024.jpg 724w, https:\/\/wp.ufpel.edu.br\/ccqfa\/files\/2023\/04\/SEI_23110.011761_2023_40_page-0001-2-768x1087.jpg 768w, https:\/\/wp.ufpel.edu.br\/ccqfa\/files\/2023\/04\/SEI_23110.011761_2023_40_page-0001-2-1085x1536.jpg 1085w\" sizes=\"(max-width: 1240px) 100vw, 1240px\" \/> <img class=\"aligncenter size-full wp-image-1028\" src=\"https:\/\/wp.ufpel.edu.br\/ccqfa\/files\/2023\/04\/SEI_23110.011761_2023_40_page-0002-1.jpg\" alt=\"\" width=\"1240\" height=\"1755\" srcset=\"https:\/\/wp.ufpel.edu.br\/ccqfa\/files\/2023\/04\/SEI_23110.011761_2023_40_page-0002-1.jpg 1240w, https:\/\/wp.ufpel.edu.br\/ccqfa\/files\/2023\/04\/SEI_23110.011761_2023_40_page-0002-1-283x400.jpg 283w, https:\/\/wp.ufpel.edu.br\/ccqfa\/files\/2023\/04\/SEI_23110.011761_2023_40_page-0002-1-724x1024.jpg 724w, https:\/\/wp.ufpel.edu.br\/ccqfa\/files\/2023\/04\/SEI_23110.011761_2023_40_page-0002-1-768x1087.jpg 768w, https:\/\/wp.ufpel.edu.br\/ccqfa\/files\/2023\/04\/SEI_23110.011761_2023_40_page-0002-1-1085x1536.jpg 1085w\" sizes=\"(max-width: 1240px) 100vw, 1240px\" \/><\/p>\n<p>&nbsp;<\/p>\n<p>Arquivo em .pdf:<\/p>\n<p><a href=\"https:\/\/wp.ufpel.edu.br\/ccqfa\/files\/2023\/04\/Homologacao-das-Inscricoes-para-as-Eleicoes-de-Representacao-Discente-de-Graduacao-junto-ao-Conselho-do-CCQFA.pdf\" target=\"_blank\" rel=\"noopener\">Homologa\u00e7\u00e3o das Inscri\u00e7\u00f5es para as Elei\u00e7\u00f5es de Representa\u00e7\u00e3o Discente de Gradua\u00e7\u00e3o junto ao Conselho do CCQFA<\/a><\/p>\n","protected":false},"excerpt":{"rendered":"<p>&nbsp; Arquivo em .pdf: Homologa\u00e7\u00e3o das Inscri\u00e7\u00f5es para as Elei\u00e7\u00f5es de Representa\u00e7\u00e3o Discente de Gradua\u00e7\u00e3o junto ao Conselho do CCQFA<\/p>\n","protected":false},"author":273,"featured_media":0,"comment_status":"closed","ping_status":"closed","sticky":false,"template":"","format":"standard","meta":{"footnotes":""},"categories":[18],"tags":[],"class_list":["post-1026","post","type-post","status-publish","format-standard","hentry","category-sem-categoria"],"jetpack_featured_media_url":"","_links":{"self":[{"href":"https:\/\/wp.ufpel.edu.br\/ccqfa\/wp-json\/wp\/v2\/posts\/1026","targetHints":{"allow":["GET"]}}],"collection":[{"href":"https:\/\/wp.ufpel.edu.br\/ccqfa\/wp-json\/wp\/v2\/posts"}],"about":[{"href":"https:\/\/wp.ufpel.edu.br\/ccqfa\/wp-json\/wp\/v2\/types\/post"}],"author":[{"embeddable":true,"href":"https:\/\/wp.ufpel.edu.br\/ccqfa\/wp-json\/wp\/v2\/users\/273"}],"replies":[{"embeddable":true,"href":"https:\/\/wp.ufpel.edu.br\/ccqfa\/wp-json\/wp\/v2\/comments?post=1026"}],"version-history":[{"count":2,"href":"https:\/\/wp.ufpel.edu.br\/ccqfa\/wp-json\/wp\/v2\/posts\/1026\/revisions"}],"predecessor-version":[{"id":1031,"href":"https:\/\/wp.ufpel.edu.br\/ccqfa\/wp-json\/wp\/v2\/posts\/1026\/revisions\/1031"}],"wp:attachment":[{"href":"https:\/\/wp.ufpel.edu.br\/ccqfa\/wp-json\/wp\/v2\/media?parent=1026"}],"wp:term":[{"taxonomy":"category","embeddable":true,"href":"https:\/\/wp.ufpel.edu.br\/ccqfa\/wp-json\/wp\/v2\/categories?post=1026"},{"taxonomy":"post_tag","embeddable":true,"href":"https:\/\/wp.ufpel.edu.br\/ccqfa\/wp-json\/wp\/v2\/tags?post=1026"}],"curies":[{"name":"wp","href":"https:\/\/api.w.org\/{rel}","templated":true}]}}