{"id":419,"date":"2020-11-18T10:52:59","date_gmt":"2020-11-18T13:52:59","guid":{"rendered":"https:\/\/wp.ufpel.edu.br\/ccce\/?p=419"},"modified":"2020-11-18T10:52:59","modified_gmt":"2020-11-18T13:52:59","slug":"pre-coloquio-panorama-da-cartografia-escolar","status":"publish","type":"post","link":"https:\/\/wp.ufpel.edu.br\/ccce\/2020\/11\/18\/pre-coloquio-panorama-da-cartografia-escolar\/","title":{"rendered":"Pr\u00e9-Col\u00f3quio: Panorama da Cartografia Escolar"},"content":{"rendered":"\n<p>No dia 16 de novembro de 2020 tivemos o \u201cPr\u00e9-Col\u00f3quio: Panorama da Cartografia Escolar\u201d transmitido no canal do evento no Youtube &#8211; <a href=\"https:\/\/www.youtube.com\/channel\/UCLvIU45cVZWYw9-d6NqVLWw\">XI COL\u00d3QUIO DE CARTOGRAFIA PARA CRIAN\u00c7AS<\/a>. O evento teve a apresenta\u00e7\u00e3o dos eixos tem\u00e1ticos pelos coordenadores, sendo eles: a Cartografia Escolar na forma\u00e7\u00e3o docente; Tecnologias e linguagens no ensino da Cartografia Escolar; Aprendizagens cartogr\u00e1ficas na escola; Contribui\u00e7\u00f5es te\u00f3ricas e metodol\u00f3gicas das Cartografias Sociais. Na <a href=\"https:\/\/fb.me\/e\/3s6vRk0Tt\">p\u00e1gina do evento<\/a> no Facebook tamb\u00e9m tivemos a publica\u00e7\u00e3o dos trabalhos mencionados pelos coordenadores, que este ano foram nos formatos de p\u00f4steres e\/ou v\u00eddeos. E agora confere abaixo ent\u00e3o o que rolou ! <\/p>\n\n\n\n<figure class=\"wp-block-image size-large\"><img loading=\"lazy\" decoding=\"async\" width=\"940\" height=\"788\" src=\"https:\/\/wp.ufpel.edu.br\/ccce\/files\/2020\/11\/1.png\" alt=\"\" class=\"wp-image-423\" srcset=\"https:\/\/wp.ufpel.edu.br\/ccce\/files\/2020\/11\/1.png 940w, https:\/\/wp.ufpel.edu.br\/ccce\/files\/2020\/11\/1-400x335.png 400w, https:\/\/wp.ufpel.edu.br\/ccce\/files\/2020\/11\/1-768x644.png 768w, https:\/\/wp.ufpel.edu.br\/ccce\/files\/2020\/11\/1-600x503.png 600w\" sizes=\"auto, (max-width: 940px) 100vw, 940px\" \/><\/figure>\n\n\n\n<figure class=\"wp-block-image size-large\"><img loading=\"lazy\" decoding=\"async\" width=\"940\" height=\"788\" src=\"https:\/\/wp.ufpel.edu.br\/ccce\/files\/2020\/11\/2.png\" alt=\"\" class=\"wp-image-424\" srcset=\"https:\/\/wp.ufpel.edu.br\/ccce\/files\/2020\/11\/2.png 940w, https:\/\/wp.ufpel.edu.br\/ccce\/files\/2020\/11\/2-400x335.png 400w, https:\/\/wp.ufpel.edu.br\/ccce\/files\/2020\/11\/2-768x644.png 768w, https:\/\/wp.ufpel.edu.br\/ccce\/files\/2020\/11\/2-600x503.png 600w\" sizes=\"auto, (max-width: 940px) 100vw, 940px\" \/><\/figure>\n\n\n\n<figure class=\"wp-block-image size-large\"><img loading=\"lazy\" decoding=\"async\" width=\"940\" height=\"788\" src=\"https:\/\/wp.ufpel.edu.br\/ccce\/files\/2020\/11\/3.png\" alt=\"\" class=\"wp-image-425\" srcset=\"https:\/\/wp.ufpel.edu.br\/ccce\/files\/2020\/11\/3.png 940w, https:\/\/wp.ufpel.edu.br\/ccce\/files\/2020\/11\/3-400x335.png 400w, https:\/\/wp.ufpel.edu.br\/ccce\/files\/2020\/11\/3-768x644.png 768w, https:\/\/wp.ufpel.edu.br\/ccce\/files\/2020\/11\/3-600x503.png 600w\" sizes=\"auto, (max-width: 940px) 100vw, 940px\" \/><\/figure>\n\n\n\n<figure class=\"wp-block-image size-large\"><img loading=\"lazy\" decoding=\"async\" width=\"940\" height=\"788\" src=\"https:\/\/wp.ufpel.edu.br\/ccce\/files\/2020\/11\/4.png\" alt=\"\" class=\"wp-image-426\" srcset=\"https:\/\/wp.ufpel.edu.br\/ccce\/files\/2020\/11\/4.png 940w, https:\/\/wp.ufpel.edu.br\/ccce\/files\/2020\/11\/4-400x335.png 400w, https:\/\/wp.ufpel.edu.br\/ccce\/files\/2020\/11\/4-768x644.png 768w, https:\/\/wp.ufpel.edu.br\/ccce\/files\/2020\/11\/4-600x503.png 600w\" sizes=\"auto, (max-width: 940px) 100vw, 940px\" \/><\/figure>\n\n\n\n<figure class=\"wp-block-image size-large\"><img loading=\"lazy\" decoding=\"async\" width=\"940\" height=\"788\" src=\"https:\/\/wp.ufpel.edu.br\/ccce\/files\/2020\/11\/5.png\" alt=\"\" class=\"wp-image-422\" srcset=\"https:\/\/wp.ufpel.edu.br\/ccce\/files\/2020\/11\/5.png 940w, https:\/\/wp.ufpel.edu.br\/ccce\/files\/2020\/11\/5-400x335.png 400w, https:\/\/wp.ufpel.edu.br\/ccce\/files\/2020\/11\/5-768x644.png 768w, https:\/\/wp.ufpel.edu.br\/ccce\/files\/2020\/11\/5-600x503.png 600w\" sizes=\"auto, (max-width: 940px) 100vw, 940px\" \/><\/figure>\n\n\n\n<p>Cobertura por Bruna Vieira e Rebecca Nunes<\/p>\n","protected":false},"excerpt":{"rendered":"<p>No dia 16 de novembro de 2020 tivemos o \u201cPr\u00e9-Col\u00f3quio: Panorama da Cartografia Escolar\u201d transmitido no canal do evento no Youtube &#8211; XI COL\u00d3QUIO DE CARTOGRAFIA PARA CRIAN\u00c7AS. O evento teve a apresenta\u00e7\u00e3o dos eixos tem\u00e1ticos pelos coordenadores, sendo eles:&#8230; <a class=\"more-link\" href=\"https:\/\/wp.ufpel.edu.br\/ccce\/2020\/11\/18\/pre-coloquio-panorama-da-cartografia-escolar\/\">Continue lendo &rarr;<\/a><\/p>\n","protected":false},"author":976,"featured_media":0,"comment_status":"closed","ping_status":"closed","sticky":false,"template":"","format":"standard","meta":{"footnotes":""},"categories":[1],"tags":[],"class_list":["post-419","post","type-post","status-publish","format-standard","hentry","category-noticias"],"jetpack_featured_media_url":"","_links":{"self":[{"href":"https:\/\/wp.ufpel.edu.br\/ccce\/wp-json\/wp\/v2\/posts\/419","targetHints":{"allow":["GET"]}}],"collection":[{"href":"https:\/\/wp.ufpel.edu.br\/ccce\/wp-json\/wp\/v2\/posts"}],"about":[{"href":"https:\/\/wp.ufpel.edu.br\/ccce\/wp-json\/wp\/v2\/types\/post"}],"author":[{"embeddable":true,"href":"https:\/\/wp.ufpel.edu.br\/ccce\/wp-json\/wp\/v2\/users\/976"}],"replies":[{"embeddable":true,"href":"https:\/\/wp.ufpel.edu.br\/ccce\/wp-json\/wp\/v2\/comments?post=419"}],"version-history":[{"count":3,"href":"https:\/\/wp.ufpel.edu.br\/ccce\/wp-json\/wp\/v2\/posts\/419\/revisions"}],"predecessor-version":[{"id":428,"href":"https:\/\/wp.ufpel.edu.br\/ccce\/wp-json\/wp\/v2\/posts\/419\/revisions\/428"}],"wp:attachment":[{"href":"https:\/\/wp.ufpel.edu.br\/ccce\/wp-json\/wp\/v2\/media?parent=419"}],"wp:term":[{"taxonomy":"category","embeddable":true,"href":"https:\/\/wp.ufpel.edu.br\/ccce\/wp-json\/wp\/v2\/categories?post=419"},{"taxonomy":"post_tag","embeddable":true,"href":"https:\/\/wp.ufpel.edu.br\/ccce\/wp-json\/wp\/v2\/tags?post=419"}],"curies":[{"name":"wp","href":"https:\/\/api.w.org\/{rel}","templated":true}]}}