{"id":2934,"date":"2025-12-08T13:29:18","date_gmt":"2025-12-08T16:29:18","guid":{"rendered":"https:\/\/wp.ufpel.edu.br\/carlosritter\/?p=2934"},"modified":"2025-12-08T13:29:18","modified_gmt":"2025-12-08T16:29:18","slug":"projeto-de-pesquisa-museologia-em-perspectiva-de-genero-um-estudo-sobre-o-museu-carlos-ritter-mupeg","status":"publish","type":"post","link":"https:\/\/wp.ufpel.edu.br\/carlosritter\/?p=2934","title":{"rendered":"Projeto de pesquisa\u00a0\u201cMuseologia em Perspectiva de G\u00eanero:\u00a0um estudo sobre o Museu Carlos Ritter\u201d (MUPEG)"},"content":{"rendered":"<p><a href=\"https:\/\/wp.ufpel.edu.br\/carlosritter\/?attachment_id=2936\" rel=\"attachment wp-att-2936\"><img class=\"size-medium wp-image-2936 alignright\" src=\"https:\/\/wp.ufpel.edu.br\/carlosritter\/files\/2025\/12\/IMG-20251205-WA0231-321x400.jpg\" alt=\"\" width=\"321\" height=\"400\" srcset=\"https:\/\/wp.ufpel.edu.br\/carlosritter\/files\/2025\/12\/IMG-20251205-WA0231-321x400.jpg 321w, https:\/\/wp.ufpel.edu.br\/carlosritter\/files\/2025\/12\/IMG-20251205-WA0231-823x1024.jpg 823w, https:\/\/wp.ufpel.edu.br\/carlosritter\/files\/2025\/12\/IMG-20251205-WA0231-768x956.jpg 768w, https:\/\/wp.ufpel.edu.br\/carlosritter\/files\/2025\/12\/IMG-20251205-WA0231.jpg 1080w\" sizes=\"(max-width: 321px) 100vw, 321px\" \/><\/a>O projeto de pesquisa\u00a0<b>\u201cMuseologia em Perspectiva de G\u00eanero:\u00a0<\/b><b>u<\/b><b>m estudo sobre o Museu Carlos Ritter\u201d (MUPEG)<\/b>, realiza o terceiro encontro do seu Grupo de Estudos. Este ser\u00e1 dedicado \u00e0 discuss\u00e3o do artigo \u201c<b>A fermenta\u00e7\u00e3o de uma museologia cr\u00edtica no Brasil\u201d<\/b>, de autoria de Marla Michelle do Prado.<\/p>\n<p>O evento ocorrer\u00e1 no <strong>dia 18 de dezembro, \u00e0s 17h<\/strong>, no audit\u00f3rio do Museu de Ci\u00eancias Naturais Carlos Ritter, localizado na pra\u00e7a Coronel Pedro Os\u00f3rio, 1.<\/p>\n<p>A atividade \u00e9 gratuita, aberta ao p\u00fablico e busca promover a reflex\u00e3o e o di\u00e1logo sobre a import\u00e2ncia da perspectiva de g\u00eanero no campo museol\u00f3gico, a partir da abordagem da Museologia de G\u00eanero.<\/p>\n<p>O texto para leitura e debate j\u00e1 est\u00e1 dispon\u00edvel para acesso na p\u00e1gina oficial do projeto no Instagram:\u00a0<a href=\"https:\/\/www.instagram.com\/mupeg.ufpel\"><b>@mupeg.ufpel<\/b><\/a>.<\/p>\n","protected":false},"excerpt":{"rendered":"<p>O projeto de pesquisa\u00a0\u201cMuseologia em Perspectiva de G\u00eanero:\u00a0um estudo sobre o Museu Carlos Ritter\u201d (MUPEG), realiza o terceiro encontro do seu Grupo de Estudos. Este ser\u00e1 dedicado \u00e0 discuss\u00e3o do artigo \u201cA fermenta\u00e7\u00e3o de uma museologia cr\u00edtica no Brasil\u201d, de autoria de Marla Michelle do Prado. O evento ocorrer\u00e1 no dia 18 de dezembro, \u00e0s [&hellip;]<\/p>\n","protected":false},"author":593,"featured_media":0,"comment_status":"closed","ping_status":"closed","sticky":false,"template":"","format":"standard","meta":{"_jetpack_memberships_contains_paid_content":false,"footnotes":""},"categories":[1],"tags":[],"class_list":["post-2934","post","type-post","status-publish","format-standard","hentry","category-noticias"],"jetpack_featured_media_url":"","jetpack_sharing_enabled":true,"_links":{"self":[{"href":"https:\/\/wp.ufpel.edu.br\/carlosritter\/index.php?rest_route=\/wp\/v2\/posts\/2934","targetHints":{"allow":["GET"]}}],"collection":[{"href":"https:\/\/wp.ufpel.edu.br\/carlosritter\/index.php?rest_route=\/wp\/v2\/posts"}],"about":[{"href":"https:\/\/wp.ufpel.edu.br\/carlosritter\/index.php?rest_route=\/wp\/v2\/types\/post"}],"author":[{"embeddable":true,"href":"https:\/\/wp.ufpel.edu.br\/carlosritter\/index.php?rest_route=\/wp\/v2\/users\/593"}],"replies":[{"embeddable":true,"href":"https:\/\/wp.ufpel.edu.br\/carlosritter\/index.php?rest_route=%2Fwp%2Fv2%2Fcomments&post=2934"}],"version-history":[{"count":1,"href":"https:\/\/wp.ufpel.edu.br\/carlosritter\/index.php?rest_route=\/wp\/v2\/posts\/2934\/revisions"}],"predecessor-version":[{"id":2937,"href":"https:\/\/wp.ufpel.edu.br\/carlosritter\/index.php?rest_route=\/wp\/v2\/posts\/2934\/revisions\/2937"}],"wp:attachment":[{"href":"https:\/\/wp.ufpel.edu.br\/carlosritter\/index.php?rest_route=%2Fwp%2Fv2%2Fmedia&parent=2934"}],"wp:term":[{"taxonomy":"category","embeddable":true,"href":"https:\/\/wp.ufpel.edu.br\/carlosritter\/index.php?rest_route=%2Fwp%2Fv2%2Fcategories&post=2934"},{"taxonomy":"post_tag","embeddable":true,"href":"https:\/\/wp.ufpel.edu.br\/carlosritter\/index.php?rest_route=%2Fwp%2Fv2%2Ftags&post=2934"}],"curies":[{"name":"wp","href":"https:\/\/api.w.org\/{rel}","templated":true}]}}