{"id":2909,"date":"2025-11-10T09:44:09","date_gmt":"2025-11-10T12:44:09","guid":{"rendered":"https:\/\/wp.ufpel.edu.br\/carlosritter\/?p=2909"},"modified":"2025-11-10T09:53:43","modified_gmt":"2025-11-10T12:53:43","slug":"resultado-do-iv-concurso-de-fotografia-e-ilustracao-biodiversidade-urbana","status":"publish","type":"post","link":"https:\/\/wp.ufpel.edu.br\/carlosritter\/?p=2909","title":{"rendered":"Resultado do IV Concurso de Fotografia e Ilustra\u00e7\u00e3o: Biodiversidade Urbana"},"content":{"rendered":"<p style=\"text-align: justify;\">O IV Concurso de Fotografia e Ilustra\u00e7\u00e3o: Biodiversidade Urbana, atividade promovida pelos alunos dos cursos de Ci\u00eancias Biol\u00f3gicas da UFPel, chegou ao fim no dia 01 de novembro.<\/p>\n<p style=\"text-align: justify;\">Agradecemos a todos que participaram do concurso enviando as suas imagens ou votando.<\/p>\n<p>A premia\u00e7\u00e3o e a vers\u00e3o f\u00edsica das ilustra\u00e7\u00f5es podem ser retiradas no <strong>Museu de Ci\u00eancias Naturais Carlos Ritter <\/strong>a partir do dia<strong> 17 de novembro<\/strong>, das 13:30 \u00e0s 17:00.<\/p>\n<p style=\"text-align: center;\"><span style=\"color: #003300;\"><strong>Confira a seguir os ganhadores:\u00a0<\/strong><\/span><\/p>\n<p style=\"text-align: center;\"><span style=\"color: #003300;\"><strong>Categoria Fotografia:<\/strong><\/span><\/p>\n<p style=\"text-align: center;\"><span style=\"color: #003300;\"><strong><a href=\"https:\/\/wp.ufpel.edu.br\/carlosritter\/?attachment_id=2914\" rel=\"attachment wp-att-2914\"><img class=\"size-medium wp-image-2914 aligncenter\" src=\"https:\/\/wp.ufpel.edu.br\/carlosritter\/files\/2025\/11\/11-400x267.jpg\" alt=\"Em um por do sol alaranjado, uma gar\u00e7a prestes a pousar se destaca, enquanto aparece ao fundo o Canal S\u00e3o Gon\u00e7alo (cidade de Pelotas) e a ponte para a cidade de Rio Grande.\" width=\"400\" height=\"267\" srcset=\"https:\/\/wp.ufpel.edu.br\/carlosritter\/files\/2025\/11\/11-400x267.jpg 400w, https:\/\/wp.ufpel.edu.br\/carlosritter\/files\/2025\/11\/11-1024x683.jpg 1024w, https:\/\/wp.ufpel.edu.br\/carlosritter\/files\/2025\/11\/11-768x512.jpg 768w, https:\/\/wp.ufpel.edu.br\/carlosritter\/files\/2025\/11\/11.jpg 1536w\" sizes=\"(max-width: 400px) 100vw, 400px\" \/><\/a><\/strong><\/span>1\u00b0 lugar: <em><strong>Jane Rosana Cassol &#8211; A volta<\/strong><\/em><\/p>\n<p style=\"text-align: center;\"><a href=\"https:\/\/wp.ufpel.edu.br\/carlosritter\/?attachment_id=2913\" rel=\"attachment wp-att-2913\"><img class=\"size-medium wp-image-2913 alignnone\" src=\"https:\/\/wp.ufpel.edu.br\/carlosritter\/files\/2025\/11\/3-1-400x267.jpg\" alt=\"Puca-pau pousado em um carro de costas para o expectador, com o seu reflexo aparecendo ao mesmo tempo na janela e no espelho retrovisor do ve\u00edculo, sendo poss\u00edvel ver a ave por \u00e2ngulos distintos\" width=\"400\" height=\"267\" srcset=\"https:\/\/wp.ufpel.edu.br\/carlosritter\/files\/2025\/11\/3-1-400x267.jpg 400w, https:\/\/wp.ufpel.edu.br\/carlosritter\/files\/2025\/11\/3-1-1024x683.jpg 1024w, https:\/\/wp.ufpel.edu.br\/carlosritter\/files\/2025\/11\/3-1-768x512.jpg 768w, https:\/\/wp.ufpel.edu.br\/carlosritter\/files\/2025\/11\/3-1.jpg 1200w\" sizes=\"(max-width: 400px) 100vw, 400px\" \/><\/a><br \/>\n2\u00b0 lugar: <em><strong>Val\u00e9ria C.B Vieira &#8211; Reflexos<\/strong><\/em><\/p>\n<p style=\"text-align: center;\"><a href=\"https:\/\/wp.ufpel.edu.br\/carlosritter\/?attachment_id=2912\" rel=\"attachment wp-att-2912\"><img class=\"size-medium wp-image-2912 alignnone\" src=\"https:\/\/wp.ufpel.edu.br\/carlosritter\/files\/2025\/11\/2-400x239.jpg\" alt=\"Flor laranja em destaque com uma abelha pousada no centro. Ao redor, de forma desfocada, aparece a folhagem verde da planta e outra flor laranja ao fundo.\" width=\"400\" height=\"239\" srcset=\"https:\/\/wp.ufpel.edu.br\/carlosritter\/files\/2025\/11\/2-400x239.jpg 400w, https:\/\/wp.ufpel.edu.br\/carlosritter\/files\/2025\/11\/2-1024x611.jpg 1024w, https:\/\/wp.ufpel.edu.br\/carlosritter\/files\/2025\/11\/2-768x458.jpg 768w, https:\/\/wp.ufpel.edu.br\/carlosritter\/files\/2025\/11\/2-1536x916.jpg 1536w, https:\/\/wp.ufpel.edu.br\/carlosritter\/files\/2025\/11\/2.jpg 1600w\" sizes=\"(max-width: 400px) 100vw, 400px\" \/><\/a><br \/>\n3\u00b0 lugar: <strong><em>Jamile Martins Santos &#8211; Mini oper\u00e1ria<\/em><\/strong><\/p>\n<p>&nbsp;<\/p>\n<p style=\"text-align: center;\"><span style=\"color: #003300;\"><strong>Categoria Ilustra\u00e7\u00e3o:<\/strong><\/span><br \/>\n<a href=\"https:\/\/wp.ufpel.edu.br\/carlosritter\/?attachment_id=2915\" rel=\"attachment wp-att-2915\"><img class=\"size-medium wp-image-2915 aligncenter\" src=\"https:\/\/wp.ufpel.edu.br\/carlosritter\/files\/2025\/11\/44-400x293.jpg\" alt=\"Ilustra\u00e7\u00e3o de um beija-flor nas cores verde e azul voando e coletando o n\u00e9ctar de flores de jacarand\u00e1-mimoso na cor lil\u00e1s.\" width=\"400\" height=\"293\" srcset=\"https:\/\/wp.ufpel.edu.br\/carlosritter\/files\/2025\/11\/44-400x293.jpg 400w, https:\/\/wp.ufpel.edu.br\/carlosritter\/files\/2025\/11\/44-1024x749.jpg 1024w, https:\/\/wp.ufpel.edu.br\/carlosritter\/files\/2025\/11\/44-768x562.jpg 768w, https:\/\/wp.ufpel.edu.br\/carlosritter\/files\/2025\/11\/44-1536x1123.jpg 1536w, https:\/\/wp.ufpel.edu.br\/carlosritter\/files\/2025\/11\/44.jpg 1600w\" sizes=\"(max-width: 400px) 100vw, 400px\" \/><\/a>1\u00b0 lugar: Delio Endres J\u00fanior &#8211; Entre Tesouras e C\u00e1lices<\/p>\n","protected":false},"excerpt":{"rendered":"<p>O IV Concurso de Fotografia e Ilustra\u00e7\u00e3o: Biodiversidade Urbana, atividade promovida pelos alunos dos cursos de Ci\u00eancias Biol\u00f3gicas da UFPel, chegou ao fim no dia 01 de novembro. Agradecemos a todos que participaram do concurso enviando as suas imagens ou votando. A premia\u00e7\u00e3o e a vers\u00e3o f\u00edsica das ilustra\u00e7\u00f5es podem ser retiradas no Museu de [&hellip;]<\/p>\n","protected":false},"author":593,"featured_media":0,"comment_status":"closed","ping_status":"closed","sticky":false,"template":"","format":"standard","meta":{"_jetpack_memberships_contains_paid_content":false,"footnotes":""},"categories":[1],"tags":[],"class_list":["post-2909","post","type-post","status-publish","format-standard","hentry","category-noticias"],"jetpack_featured_media_url":"","jetpack_sharing_enabled":true,"_links":{"self":[{"href":"https:\/\/wp.ufpel.edu.br\/carlosritter\/index.php?rest_route=\/wp\/v2\/posts\/2909","targetHints":{"allow":["GET"]}}],"collection":[{"href":"https:\/\/wp.ufpel.edu.br\/carlosritter\/index.php?rest_route=\/wp\/v2\/posts"}],"about":[{"href":"https:\/\/wp.ufpel.edu.br\/carlosritter\/index.php?rest_route=\/wp\/v2\/types\/post"}],"author":[{"embeddable":true,"href":"https:\/\/wp.ufpel.edu.br\/carlosritter\/index.php?rest_route=\/wp\/v2\/users\/593"}],"replies":[{"embeddable":true,"href":"https:\/\/wp.ufpel.edu.br\/carlosritter\/index.php?rest_route=%2Fwp%2Fv2%2Fcomments&post=2909"}],"version-history":[{"count":3,"href":"https:\/\/wp.ufpel.edu.br\/carlosritter\/index.php?rest_route=\/wp\/v2\/posts\/2909\/revisions"}],"predecessor-version":[{"id":2918,"href":"https:\/\/wp.ufpel.edu.br\/carlosritter\/index.php?rest_route=\/wp\/v2\/posts\/2909\/revisions\/2918"}],"wp:attachment":[{"href":"https:\/\/wp.ufpel.edu.br\/carlosritter\/index.php?rest_route=%2Fwp%2Fv2%2Fmedia&parent=2909"}],"wp:term":[{"taxonomy":"category","embeddable":true,"href":"https:\/\/wp.ufpel.edu.br\/carlosritter\/index.php?rest_route=%2Fwp%2Fv2%2Fcategories&post=2909"},{"taxonomy":"post_tag","embeddable":true,"href":"https:\/\/wp.ufpel.edu.br\/carlosritter\/index.php?rest_route=%2Fwp%2Fv2%2Ftags&post=2909"}],"curies":[{"name":"wp","href":"https:\/\/api.w.org\/{rel}","templated":true}]}}