{"id":2254,"date":"2024-11-14T13:06:28","date_gmt":"2024-11-14T16:06:28","guid":{"rendered":"https:\/\/wp.ufpel.edu.br\/carlosritter\/?p=2254"},"modified":"2024-11-14T14:18:33","modified_gmt":"2024-11-14T17:18:33","slug":"2254","status":"publish","type":"post","link":"https:\/\/wp.ufpel.edu.br\/carlosritter\/?p=2254","title":{"rendered":"Aprovados no Processo Seletivo &#8211; est\u00e1gio curricular e extensionista volunt\u00e1rio"},"content":{"rendered":"<p><span style=\"color: #008000;\"><strong>Bacharelado ou Licenciatura em Ci\u00eancias Biol\u00f3gicas (08 vagas)<\/strong><\/span><\/p>\n<ul>\n<li><span style=\"font-weight: 400;\">Amanda Vict\u00f3ria Neumann<\/span><\/li>\n<li><span style=\"font-weight: 400;\">Daniel Dias Quadro<\/span><\/li>\n<li><span style=\"font-weight: 400;\">Hiago Lima Xavier<\/span><\/li>\n<li><span style=\"font-weight: 400;\">Isabelle Franck Koschier<\/span><\/li>\n<li><span style=\"font-weight: 400;\">Ketellin Duarte Gon\u00e7alves<\/span><\/li>\n<li><span style=\"font-weight: 400;\">Lucca Lilles Galv\u00e3o Machado<\/span><\/li>\n<li><span style=\"font-weight: 400;\">Tawigue Barcelos Barbosa<\/span><\/li>\n<\/ul>\n<p><span style=\"color: #008000;\"><strong> Museologia (05 vagas)<\/strong><\/span><\/p>\n<ul>\n<li><span style=\"font-weight: 400;\">Giovana Schiavon Barreira\u00a0<\/span><\/li>\n<li><span style=\"font-weight: 400;\">Guilherme Mantovani Magalh\u00e3es<\/span><\/li>\n<li><span style=\"font-weight: 400;\">Jo\u00e3o Victor dos Santos Rossales<\/span><\/li>\n<li><span style=\"font-weight: 400;\">Sarah Fernandes<\/span><\/li>\n<li><span style=\"font-weight: 400;\">Vit\u00f3ria Nobre dos Santos<\/span><\/li>\n<\/ul>\n<p><span style=\"font-weight: 400;\"><span style=\"color: #008000;\"><strong> Conserva\u00e7\u00e3o e Restaura\u00e7\u00e3o (02 vagas)<\/strong><\/span> &#8211;\u00a0<\/span><span style=\"font-weight: 400;\">N\u00e3o houve inscritos<\/span><\/p>\n<p><span style=\"font-weight: 400;\"><strong><span style=\"color: #008000;\"> Administra\u00e7\u00e3o (01 vaga)<\/span><\/strong> &#8211;\u00a0<\/span><span style=\"font-weight: 400;\">N\u00e3o houve inscritos<\/span><\/p>\n<p><span style=\"color: #008000;\"><strong> Design ou Artes Visuais (01 vaga)<\/strong><\/span><\/p>\n<ul>\n<li><span style=\"font-weight: 400;\">Kethlyn Bisso do Couto<\/span><\/li>\n<\/ul>\n<p><span style=\"font-weight: 400;\"><strong><span style=\"color: #008000;\">Demais cursos<\/span><\/strong> (03 vagas + vagas restantes)<\/span><\/p>\n<ul>\n<li><span style=\"font-weight: 400;\">Camille Quintana Campos (<span style=\"color: #008000;\">Letras<\/span>)<\/span><\/li>\n<li><span style=\"font-weight: 400;\">Gabrielle Pereira Gazali de Miranda <span style=\"color: #008000;\">(Gest\u00e3o Ambiental<\/span>)<\/span><\/li>\n<li><span style=\"font-weight: 400;\">Kau\u00e3 Treichel Grutzmann (<span style=\"color: #008000;\">Design Gr\u00e1fico<\/span>)<\/span><\/li>\n<li><span style=\"font-weight: 400;\">Jennifer Cardoso de Oliveira (<span style=\"color: #008000;\">Cinema de anima\u00e7\u00e3o<\/span>)<\/span><\/li>\n<li><span style=\"font-weight: 400;\">Lean D\u2019Oliveira Gon\u00e7alves Pinto (<span style=\"color: #008000;\">Artes Visuais<\/span>)<\/span><\/li>\n<li><span style=\"font-weight: 400;\">Luiz In\u00e1cio Amorim Martins (<span style=\"color: #008000;\">Jornalismo<\/span>)<\/span><\/li>\n<li><span style=\"font-weight: 400;\">Maria Luiza Rodrigues Falkemberg\u00a0 (<span style=\"color: #008000;\">Gest\u00e3o Ambiental<\/span>)<\/span><\/li>\n<\/ul>\n","protected":false},"excerpt":{"rendered":"<p>Bacharelado ou Licenciatura em Ci\u00eancias Biol\u00f3gicas (08 vagas) Amanda Vict\u00f3ria Neumann Daniel Dias Quadro Hiago Lima Xavier Isabelle Franck Koschier Ketellin Duarte Gon\u00e7alves Lucca Lilles Galv\u00e3o Machado Tawigue Barcelos Barbosa Museologia (05 vagas) Giovana Schiavon Barreira\u00a0 Guilherme Mantovani Magalh\u00e3es Jo\u00e3o Victor dos Santos Rossales Sarah Fernandes Vit\u00f3ria Nobre dos Santos Conserva\u00e7\u00e3o e Restaura\u00e7\u00e3o (02 vagas) [&hellip;]<\/p>\n","protected":false},"author":593,"featured_media":0,"comment_status":"closed","ping_status":"closed","sticky":false,"template":"","format":"standard","meta":{"_jetpack_memberships_contains_paid_content":false,"footnotes":""},"categories":[1],"tags":[],"class_list":["post-2254","post","type-post","status-publish","format-standard","hentry","category-noticias"],"jetpack_featured_media_url":"","jetpack_sharing_enabled":true,"_links":{"self":[{"href":"https:\/\/wp.ufpel.edu.br\/carlosritter\/index.php?rest_route=\/wp\/v2\/posts\/2254","targetHints":{"allow":["GET"]}}],"collection":[{"href":"https:\/\/wp.ufpel.edu.br\/carlosritter\/index.php?rest_route=\/wp\/v2\/posts"}],"about":[{"href":"https:\/\/wp.ufpel.edu.br\/carlosritter\/index.php?rest_route=\/wp\/v2\/types\/post"}],"author":[{"embeddable":true,"href":"https:\/\/wp.ufpel.edu.br\/carlosritter\/index.php?rest_route=\/wp\/v2\/users\/593"}],"replies":[{"embeddable":true,"href":"https:\/\/wp.ufpel.edu.br\/carlosritter\/index.php?rest_route=%2Fwp%2Fv2%2Fcomments&post=2254"}],"version-history":[{"count":8,"href":"https:\/\/wp.ufpel.edu.br\/carlosritter\/index.php?rest_route=\/wp\/v2\/posts\/2254\/revisions"}],"predecessor-version":[{"id":2265,"href":"https:\/\/wp.ufpel.edu.br\/carlosritter\/index.php?rest_route=\/wp\/v2\/posts\/2254\/revisions\/2265"}],"wp:attachment":[{"href":"https:\/\/wp.ufpel.edu.br\/carlosritter\/index.php?rest_route=%2Fwp%2Fv2%2Fmedia&parent=2254"}],"wp:term":[{"taxonomy":"category","embeddable":true,"href":"https:\/\/wp.ufpel.edu.br\/carlosritter\/index.php?rest_route=%2Fwp%2Fv2%2Fcategories&post=2254"},{"taxonomy":"post_tag","embeddable":true,"href":"https:\/\/wp.ufpel.edu.br\/carlosritter\/index.php?rest_route=%2Fwp%2Fv2%2Ftags&post=2254"}],"curies":[{"name":"wp","href":"https:\/\/api.w.org\/{rel}","templated":true}]}}