{"id":508,"date":"2018-04-13T05:57:56","date_gmt":"2018-04-13T08:57:56","guid":{"rendered":"https:\/\/wp.ufpel.edu.br\/camu\/?p=508"},"modified":"2018-04-13T05:58:57","modified_gmt":"2018-04-13T08:58:57","slug":"primeira-assembleia-discente-de-2018","status":"publish","type":"post","link":"https:\/\/wp.ufpel.edu.br\/camu\/primeira-assembleia-discente-de-2018\/","title":{"rendered":"Primeira Assembleia Discente de 2018"},"content":{"rendered":"<p>Na tarde do dia 12 de abril aconteceu a primeira assembleia geral discente do Curso de Bacharelado em Museologia da UFPel. O programa compreendeu,<\/p>\n<p>1 &#8211; Fala da coordena\u00e7\u00e3o do curso<\/p>\n<p>2 &#8211; Fala de boas vindas aos calouros<\/p>\n<p>3 &#8211; Inscri\u00e7\u00f5es de demandas emergenciais<\/p>\n<p>4 &#8211; Afastamento da gest\u00e3o atual do Centro Acad\u00eamico<\/p>\n<p>5 &#8211; Forma\u00e7\u00e3o da Comiss\u00e3o de Elei\u00e7\u00e3o<\/p>\n<p>6 &#8211; Debate das demandas inscritas<\/p>\n<p>Confira algumas fotos<\/p>\n<p>Not\u00edcias sobre o discutido saem em cinco dias \u00fateis.<\/p>\n<p>&nbsp;<\/p>\n<p class=\"jetpack-slideshow-noscript robots-nocontent\">Este slideshow necessita de JavaScript.<\/p><div id=\"gallery-508-1-slideshow\" class=\"jetpack-slideshow-window jetpack-slideshow jetpack-slideshow-black\" data-trans=\"fade\" data-autostart=\"1\" data-gallery=\"[{&quot;src&quot;:&quot;https:\\\/\\\/i0.wp.com\\\/wp.ufpel.edu.br\\\/camu\\\/files\\\/2018\\\/04\\\/30708609_2108700132493362_4364243559944826761_n.jpg?fit=960%2C540\\u0026ssl=1&quot;,&quot;id&quot;:&quot;519&quot;,&quot;title&quot;:&quot;30708609_2108700132493362_4364243559944826761_n&quot;,&quot;alt&quot;:&quot;&quot;,&quot;caption&quot;:&quot;&quot;,&quot;itemprop&quot;:&quot;image&quot;},{&quot;src&quot;:&quot;https:\\\/\\\/i0.wp.com\\\/wp.ufpel.edu.br\\\/camu\\\/files\\\/2018\\\/04\\\/30704800_2108700539159988_7440893583377581060_n.jpg?fit=960%2C540\\u0026ssl=1&quot;,&quot;id&quot;:&quot;518&quot;,&quot;title&quot;:&quot;30704800_2108700539159988_7440893583377581060_n&quot;,&quot;alt&quot;:&quot;&quot;,&quot;caption&quot;:&quot;&quot;,&quot;itemprop&quot;:&quot;image&quot;},{&quot;src&quot;:&quot;https:\\\/\\\/i0.wp.com\\\/wp.ufpel.edu.br\\\/camu\\\/files\\\/2018\\\/04\\\/30703750_2108700405826668_730679285331211305_n.jpg?fit=960%2C540\\u0026ssl=1&quot;,&quot;id&quot;:&quot;517&quot;,&quot;title&quot;:&quot;30703750_2108700405826668_730679285331211305_n&quot;,&quot;alt&quot;:&quot;&quot;,&quot;caption&quot;:&quot;&quot;,&quot;itemprop&quot;:&quot;image&quot;},{&quot;src&quot;:&quot;https:\\\/\\\/i0.wp.com\\\/wp.ufpel.edu.br\\\/camu\\\/files\\\/2018\\\/04\\\/30698712_2108700582493317_1081427857241427683_n.jpg?fit=960%2C540\\u0026ssl=1&quot;,&quot;id&quot;:&quot;516&quot;,&quot;title&quot;:&quot;30698712_2108700582493317_1081427857241427683_n&quot;,&quot;alt&quot;:&quot;&quot;,&quot;caption&quot;:&quot;&quot;,&quot;itemprop&quot;:&quot;image&quot;},{&quot;src&quot;:&quot;https:\\\/\\\/i0.wp.com\\\/wp.ufpel.edu.br\\\/camu\\\/files\\\/2018\\\/04\\\/30657038_2108700625826646_3464605119751692428_n.jpg?fit=960%2C540\\u0026ssl=1&quot;,&quot;id&quot;:&quot;515&quot;,&quot;title&quot;:&quot;30657038_2108700625826646_3464605119751692428_n&quot;,&quot;alt&quot;:&quot;&quot;,&quot;caption&quot;:&quot;&quot;,&quot;itemprop&quot;:&quot;image&quot;},{&quot;src&quot;:&quot;https:\\\/\\\/i0.wp.com\\\/wp.ufpel.edu.br\\\/camu\\\/files\\\/2018\\\/04\\\/30629561_2108700369160005_835371874862670073_n.jpg?fit=960%2C540\\u0026ssl=1&quot;,&quot;id&quot;:&quot;510&quot;,&quot;title&quot;:&quot;30629561_2108700369160005_835371874862670073_n&quot;,&quot;alt&quot;:&quot;&quot;,&quot;caption&quot;:&quot;&quot;,&quot;itemprop&quot;:&quot;image&quot;},{&quot;src&quot;:&quot;https:\\\/\\\/i0.wp.com\\\/wp.ufpel.edu.br\\\/camu\\\/files\\\/2018\\\/04\\\/30652874_2108700482493327_8616473530321274945_n.jpg?fit=960%2C540\\u0026ssl=1&quot;,&quot;id&quot;:&quot;511&quot;,&quot;title&quot;:&quot;30652874_2108700482493327_8616473530321274945_n&quot;,&quot;alt&quot;:&quot;&quot;,&quot;caption&quot;:&quot;&quot;,&quot;itemprop&quot;:&quot;image&quot;},{&quot;src&quot;:&quot;https:\\\/\\\/i0.wp.com\\\/wp.ufpel.edu.br\\\/camu\\\/files\\\/2018\\\/04\\\/30653023_2108700179160024_3496142508290197678_n.jpg?fit=960%2C540\\u0026ssl=1&quot;,&quot;id&quot;:&quot;512&quot;,&quot;title&quot;:&quot;30653023_2108700179160024_3496142508290197678_n&quot;,&quot;alt&quot;:&quot;&quot;,&quot;caption&quot;:&quot;&quot;,&quot;itemprop&quot;:&quot;image&quot;},{&quot;src&quot;:&quot;https:\\\/\\\/i0.wp.com\\\/wp.ufpel.edu.br\\\/camu\\\/files\\\/2018\\\/04\\\/30656231_2108700235826685_6935315710868192453_n.jpg?fit=960%2C540\\u0026ssl=1&quot;,&quot;id&quot;:&quot;513&quot;,&quot;title&quot;:&quot;30656231_2108700235826685_6935315710868192453_n&quot;,&quot;alt&quot;:&quot;&quot;,&quot;caption&quot;:&quot;&quot;,&quot;itemprop&quot;:&quot;image&quot;},{&quot;src&quot;:&quot;https:\\\/\\\/i0.wp.com\\\/wp.ufpel.edu.br\\\/camu\\\/files\\\/2018\\\/04\\\/30656603_2108700692493306_8876160543953469993_n.jpg?fit=960%2C540\\u0026ssl=1&quot;,&quot;id&quot;:&quot;514&quot;,&quot;title&quot;:&quot;30656603_2108700692493306_8876160543953469993_n&quot;,&quot;alt&quot;:&quot;&quot;,&quot;caption&quot;:&quot;&quot;,&quot;itemprop&quot;:&quot;image&quot;}]\" itemscope itemtype=\"https:\/\/schema.org\/ImageGallery\"><\/div>\n<p>Cr\u00e9ditos pelas fotografias a Andr\u00e9a C Messias<\/p>\n","protected":false},"excerpt":{"rendered":"<p>Na tarde do dia 12 de abril aconteceu a primeira assembleia geral discente do Curso de Bacharelado em Museologia da UFPel. O programa compreendeu, 1 &#8211; Fala da coordena\u00e7\u00e3o do curso 2 &#8211; Fala de boas vindas aos calouros 3 &#8211; Inscri\u00e7\u00f5es de demandas emergenciais 4 &#8211; Afastamento da gest\u00e3o atual do Centro Acad\u00eamico 5 &hellip; <a href=\"https:\/\/wp.ufpel.edu.br\/camu\/primeira-assembleia-discente-de-2018\/\" class=\"more-link\">Continue lendo<span class=\"screen-reader-text\"> &#8220;Primeira Assembleia Discente de 2018&#8221;<\/span><\/a><\/p>\n","protected":false},"author":830,"featured_media":0,"comment_status":"closed","ping_status":"closed","sticky":false,"template":"","format":"standard","meta":{"jetpack_post_was_ever_published":false,"_jetpack_newsletter_access":"","_jetpack_dont_email_post_to_subs":false,"_jetpack_newsletter_tier_id":0,"_jetpack_memberships_contains_paywalled_content":false,"_jetpack_memberships_contains_paid_content":false,"footnotes":"","jetpack_publicize_message":"","jetpack_publicize_feature_enabled":true,"jetpack_social_post_already_shared":true,"jetpack_social_options":{"image_generator_settings":{"template":"highway","default_image_id":0,"font":"","enabled":false},"version":2}},"categories":[1],"tags":[],"class_list":["post-508","post","type-post","status-publish","format-standard","hentry","category-noticias"],"jetpack_publicize_connections":[],"jetpack_featured_media_url":"","jetpack_sharing_enabled":true,"jetpack_shortlink":"https:\/\/wp.me\/p9MPYQ-8c","jetpack_likes_enabled":true,"jetpack-related-posts":[],"_links":{"self":[{"href":"https:\/\/wp.ufpel.edu.br\/camu\/wp-json\/wp\/v2\/posts\/508","targetHints":{"allow":["GET"]}}],"collection":[{"href":"https:\/\/wp.ufpel.edu.br\/camu\/wp-json\/wp\/v2\/posts"}],"about":[{"href":"https:\/\/wp.ufpel.edu.br\/camu\/wp-json\/wp\/v2\/types\/post"}],"author":[{"embeddable":true,"href":"https:\/\/wp.ufpel.edu.br\/camu\/wp-json\/wp\/v2\/users\/830"}],"replies":[{"embeddable":true,"href":"https:\/\/wp.ufpel.edu.br\/camu\/wp-json\/wp\/v2\/comments?post=508"}],"version-history":[{"count":2,"href":"https:\/\/wp.ufpel.edu.br\/camu\/wp-json\/wp\/v2\/posts\/508\/revisions"}],"predecessor-version":[{"id":521,"href":"https:\/\/wp.ufpel.edu.br\/camu\/wp-json\/wp\/v2\/posts\/508\/revisions\/521"}],"wp:attachment":[{"href":"https:\/\/wp.ufpel.edu.br\/camu\/wp-json\/wp\/v2\/media?parent=508"}],"wp:term":[{"taxonomy":"category","embeddable":true,"href":"https:\/\/wp.ufpel.edu.br\/camu\/wp-json\/wp\/v2\/categories?post=508"},{"taxonomy":"post_tag","embeddable":true,"href":"https:\/\/wp.ufpel.edu.br\/camu\/wp-json\/wp\/v2\/tags?post=508"}],"curies":[{"name":"wp","href":"https:\/\/api.w.org\/{rel}","templated":true}]}}